{"id":991,"date":"2026-02-15T11:23:26","date_gmt":"2026-02-15T10:23:26","guid":{"rendered":"https:\/\/www.zahrada-bydleni.cz\/?p=991"},"modified":"2026-02-15T11:23:29","modified_gmt":"2026-02-15T10:23:29","slug":"zahrada-pro-male-prostory-napady-a-tipy","status":"publish","type":"post","link":"https:\/\/www.zahrada-bydleni.cz\/?p=991","title":{"rendered":"Zahrada pro mal\u00e9 prostory: n\u00e1pady a tipy"},"content":{"rendered":"\n<p>I mal\u00e1 zahrada m\u016f\u017ee nab\u00eddnout kr\u00e1sn\u00fd a funk\u010dn\u00ed prostor. Kl\u00ed\u010dem je promy\u0161len\u00e9 pl\u00e1nov\u00e1n\u00ed, vertik\u00e1ln\u00ed \u0159e\u0161en\u00ed a vyu\u017eit\u00ed multifunk\u010dn\u00edho n\u00e1bytku. I omezen\u00fd prostor m\u016f\u017ee b\u00fdt m\u00edstem odpo\u010dinku, p\u011bstov\u00e1n\u00ed rostlin i estetick\u00e9ho pot\u011b\u0161en\u00ed.<\/p>\n\n\n\n<h2 class=\"wp-block-heading\">Vertik\u00e1ln\u00ed zahradni\u010den\u00ed<\/h2>\n\n\n\n<p>Na mal\u00e9m prostoru je vhodn\u00e9 vyu\u017e\u00edt st\u011bny, ploty nebo z\u00e1bradl\u00ed. Pop\u00ednav\u00e9 rostliny, z\u00e1v\u011bsn\u00e9 kv\u011btin\u00e1\u010de a vertik\u00e1ln\u00ed truhl\u00edky umo\u017e\u0148uj\u00ed p\u011bstovat kv\u011btiny, bylinky nebo zeleninu, ani\u017e by zab\u00edraly cenn\u00e9 metry na zemi.<\/p>\n\n\n\n<h2 class=\"wp-block-heading\">Multifunk\u010dn\u00ed n\u00e1bytek<\/h2>\n\n\n\n<p>Lavice s \u00falo\u017en\u00fdm prostorem, skl\u00e1dac\u00ed stoly a \u017eidle nebo modul\u00e1rn\u00ed sedac\u00ed soupravy umo\u017e\u0148uj\u00ed zahradu p\u0159izp\u016fsobit r\u016fzn\u00fdm pot\u0159eb\u00e1m \u2013 posezen\u00ed, stolov\u00e1n\u00ed i pr\u00e1ci.<\/p>\n\n\n\n<h2 class=\"wp-block-heading\">Optick\u00e9 zv\u011bt\u0161en\u00ed prostoru<\/h2>\n\n\n\n<p>Sv\u011btl\u00e9 barvy, jednoduch\u00e9 linie a pe\u010dliv\u011b vybran\u00e9 dekorace opticky zv\u011bt\u0161uj\u00ed zahradu. Zrcadla nebo pr\u016fhledy mezi rostlinami dod\u00e1vaj\u00ed pocit hloubky a otev\u0159enosti.<\/p>\n\n\n\n<h2 class=\"wp-block-heading\">Mal\u00e9 vodn\u00ed prvky<\/h2>\n\n\n\n<p>Font\u00e1nka, mini jez\u00edrko nebo p\u00edtko pro pt\u00e1ky o\u017eiv\u00ed prostor, dodaj\u00ed zvuk a vizu\u00e1ln\u00ed zaj\u00edmavost. Takov\u00e9 prvky zab\u00edraj\u00ed minimum m\u00edsta, ale v\u00fdrazn\u011b zvy\u0161uj\u00ed atraktivitu zahrady.<\/p>\n\n\n\n<h2 class=\"wp-block-heading\">\u00dadr\u017eba a prakti\u010dnost<\/h2>\n\n\n\n<p>Na mal\u00e9m prostoru je d\u016fle\u017eit\u00e9 vyb\u00edrat nen\u00e1ro\u010dn\u00e9 rostliny a jednoduch\u00e9 \u0159e\u0161en\u00ed z\u00e1hon\u016f. Automatick\u00e1 z\u00e1vlaha, mul\u010dov\u00e1n\u00ed a kompostov\u00e1n\u00ed \u0161et\u0159\u00ed \u010das a udr\u017euj\u00ed zahradu zdravou.<\/p>\n\n\n\n<h2 class=\"wp-block-heading\">Z\u00e1v\u011br<\/h2>\n\n\n\n<p>Mal\u00e1 zahrada m\u016f\u017ee b\u00fdt plnohodnotn\u00fdm prostorem pro relaxaci, p\u011bstov\u00e1n\u00ed a estetick\u00e9 z\u00e1\u017eitky. S vertik\u00e1ln\u00edm zahradni\u010den\u00edm, multifunk\u010dn\u00edm n\u00e1bytkem a promy\u0161len\u00fdm designem se i omezen\u00fd prostor prom\u011bn\u00ed v \u00fatuln\u00e9 a praktick\u00e9 m\u00edsto k \u017eivotu.<\/p>\n","protected":false},"excerpt":{"rendered":"<p>I mal\u00e1 zahrada m\u016f\u017ee nab\u00eddnout kr\u00e1sn\u00fd a funk\u010dn\u00ed prostor. Kl\u00ed\u010dem je promy\u0161len\u00e9 pl\u00e1nov\u00e1n\u00ed, vertik\u00e1ln\u00ed \u0159e\u0161en\u00ed a vyu\u017eit\u00ed multifunk\u010dn\u00edho n\u00e1bytku. I omezen\u00fd prostor&hellip;<\/p>\n","protected":false},"author":2,"featured_media":992,"comment_status":"open","ping_status":"open","sticky":false,"template":"","format":"standard","meta":{"_lmt_disableupdate":"","_lmt_disable":"","footnotes":""},"categories":[24],"tags":[],"class_list":["post-991","post","type-post","status-publish","format-standard","has-post-thumbnail","hentry","category-zahrada"],"_links":{"self":[{"href":"https:\/\/www.zahrada-bydleni.cz\/index.php?rest_route=\/wp\/v2\/posts\/991","targetHints":{"allow":["GET"]}}],"collection":[{"href":"https:\/\/www.zahrada-bydleni.cz\/index.php?rest_route=\/wp\/v2\/posts"}],"about":[{"href":"https:\/\/www.zahrada-bydleni.cz\/index.php?rest_route=\/wp\/v2\/types\/post"}],"author":[{"embeddable":true,"href":"https:\/\/www.zahrada-bydleni.cz\/index.php?rest_route=\/wp\/v2\/users\/2"}],"replies":[{"embeddable":true,"href":"https:\/\/www.zahrada-bydleni.cz\/index.php?rest_route=%2Fwp%2Fv2%2Fcomments&post=991"}],"version-history":[{"count":1,"href":"https:\/\/www.zahrada-bydleni.cz\/index.php?rest_route=\/wp\/v2\/posts\/991\/revisions"}],"predecessor-version":[{"id":993,"href":"https:\/\/www.zahrada-bydleni.cz\/index.php?rest_route=\/wp\/v2\/posts\/991\/revisions\/993"}],"wp:featuredmedia":[{"embeddable":true,"href":"https:\/\/www.zahrada-bydleni.cz\/index.php?rest_route=\/wp\/v2\/media\/992"}],"wp:attachment":[{"href":"https:\/\/www.zahrada-bydleni.cz\/index.php?rest_route=%2Fwp%2Fv2%2Fmedia&parent=991"}],"wp:term":[{"taxonomy":"category","embeddable":true,"href":"https:\/\/www.zahrada-bydleni.cz\/index.php?rest_route=%2Fwp%2Fv2%2Fcategories&post=991"},{"taxonomy":"post_tag","embeddable":true,"href":"https:\/\/www.zahrada-bydleni.cz\/index.php?rest_route=%2Fwp%2Fv2%2Ftags&post=991"}],"curies":[{"name":"wp","href":"https:\/\/api.w.org\/{rel}","templated":true}]}}