{"id":988,"date":"2026-02-15T11:20:06","date_gmt":"2026-02-15T10:20:06","guid":{"rendered":"https:\/\/www.zahrada-bydleni.cz\/?p=988"},"modified":"2026-02-15T11:20:09","modified_gmt":"2026-02-15T10:20:09","slug":"zahrada-pro-relaxaci-a-aktivni-odpocinek","status":"publish","type":"post","link":"https:\/\/www.zahrada-bydleni.cz\/?p=988","title":{"rendered":"Zahrada pro relaxaci a aktivn\u00ed odpo\u010dinek"},"content":{"rendered":"\n<p>Zahrada nemus\u00ed slou\u017eit jen k p\u011bstov\u00e1n\u00ed rostlin. M\u016f\u017ee b\u00fdt m\u00edstem pro relaxaci, pohyb a z\u00e1bavu. Spr\u00e1vn\u011b navr\u017een\u00e1 zahrada kombinuje odpo\u010dinkov\u00e9 z\u00f3ny s prostorem pro aktivity, \u010d\u00edm\u017e podporuje zdrav\u00fd \u017eivotn\u00ed styl a kvalitu \u017eivota.<\/p>\n\n\n\n<h2 class=\"wp-block-heading\">Relaxa\u010dn\u00ed koutky<\/h2>\n\n\n\n<p>Lavi\u010dky, leh\u00e1tka nebo houpac\u00ed s\u00edt\u011b poskytuj\u00ed m\u00edsto pro klidn\u00e9 posezen\u00ed a na\u010derp\u00e1n\u00ed energie. Zahradn\u00ed alt\u00e1n nebo pergola nab\u00edz\u00ed st\u00edn a \u00fakryt, tak\u017ee relaxovat m\u016f\u017eete i b\u011bhem hork\u00fdch dn\u00ed.<\/p>\n\n\n\n<h2 class=\"wp-block-heading\">Aktivn\u00ed z\u00f3ny<\/h2>\n\n\n\n<p>Prostor pro pohyb je d\u016fle\u017eit\u00fd, zvl\u00e1\u0161\u0165 pokud m\u00e1te d\u011bti. Trampol\u00edna, prol\u00e9za\u010dky, minigolf nebo mal\u00e1 sportovn\u00ed plocha umo\u017e\u0148uj\u00ed aktivn\u00ed odpo\u010dinek p\u0159\u00edmo doma. Dosp\u011bl\u00ed mohou vyu\u017e\u00edt prostor pro cvi\u010den\u00ed nebo j\u00f3gu venku.<\/p>\n\n\n\n<h2 class=\"wp-block-heading\">Vodn\u00ed a p\u0159\u00edrodn\u00ed prvky<\/h2>\n\n\n\n<p>Font\u00e1nka, jez\u00edrko \u010di p\u00edtko pro pt\u00e1ky dod\u00e1vaj\u00ed zahrad\u011b pohyb a p\u0159\u00edjemnou zvukovou kulisu. P\u0159\u00edrodn\u00ed materi\u00e1ly jako d\u0159evo a k\u00e1men vytv\u00e1\u0159ej\u00ed harmonick\u00fd dojem a podporuj\u00ed relaxaci.<\/p>\n\n\n\n<h2 class=\"wp-block-heading\">Barevn\u00e1 a vo\u0148av\u00e1 zele\u0148<\/h2>\n\n\n\n<p>Kv\u011btiny, bylinky a okrasn\u00e9 ke\u0159e zvy\u0161uj\u00ed vizu\u00e1ln\u00ed a aromatick\u00fd komfort zahrady. Levandule, r\u016f\u017ee \u010di m\u00e1ta podporuj\u00ed klid a relaxaci smysl\u016f, zat\u00edmco st\u00e1lezelen\u00e9 ke\u0159e udr\u017euj\u00ed prostor atraktivn\u00ed i v zim\u011b.<\/p>\n\n\n\n<h2 class=\"wp-block-heading\">Ve\u010dern\u00ed atmosf\u00e9ra<\/h2>\n\n\n\n<p>Spr\u00e1vn\u011b rozm\u00edst\u011bn\u00e9 osv\u011btlen\u00ed prodlu\u017euje vyu\u017eit\u00ed zahrady i do ve\u010dern\u00edch hodin. Sol\u00e1rn\u00ed lampy, LED p\u00e1sky nebo lucerny vytv\u00e1\u0159ej\u00ed p\u0159\u00edjemnou, intimn\u00ed atmosf\u00e9ru vhodnou k odpo\u010dinku i spole\u010densk\u00fdm setk\u00e1n\u00edm.<\/p>\n\n\n\n<h2 class=\"wp-block-heading\">Z\u00e1v\u011br<\/h2>\n\n\n\n<p>Zahrada m\u016f\u017ee b\u00fdt m\u00edstem, kde se odpo\u010dinek propojuje s aktivn\u00edm pohybem. Promy\u0161len\u00e9 rozd\u011blen\u00ed prostoru, relaxa\u010dn\u00ed z\u00f3ny, aktivn\u00ed koutky a p\u0159\u00edrodn\u00ed prvky vytvo\u0159\u00ed zahradu, kde si ka\u017ed\u00fd \u010dlen rodiny najde sv\u016fj prostor pro pohodu i z\u00e1bavu.<\/p>\n","protected":false},"excerpt":{"rendered":"<p>Zahrada nemus\u00ed slou\u017eit jen k p\u011bstov\u00e1n\u00ed rostlin. M\u016f\u017ee b\u00fdt m\u00edstem pro relaxaci, pohyb a z\u00e1bavu. Spr\u00e1vn\u011b navr\u017een\u00e1 zahrada kombinuje odpo\u010dinkov\u00e9 z\u00f3ny s&hellip;<\/p>\n","protected":false},"author":2,"featured_media":989,"comment_status":"open","ping_status":"open","sticky":false,"template":"","format":"standard","meta":{"_lmt_disableupdate":"","_lmt_disable":"","footnotes":""},"categories":[24],"tags":[],"class_list":["post-988","post","type-post","status-publish","format-standard","has-post-thumbnail","hentry","category-zahrada"],"_links":{"self":[{"href":"https:\/\/www.zahrada-bydleni.cz\/index.php?rest_route=\/wp\/v2\/posts\/988","targetHints":{"allow":["GET"]}}],"collection":[{"href":"https:\/\/www.zahrada-bydleni.cz\/index.php?rest_route=\/wp\/v2\/posts"}],"about":[{"href":"https:\/\/www.zahrada-bydleni.cz\/index.php?rest_route=\/wp\/v2\/types\/post"}],"author":[{"embeddable":true,"href":"https:\/\/www.zahrada-bydleni.cz\/index.php?rest_route=\/wp\/v2\/users\/2"}],"replies":[{"embeddable":true,"href":"https:\/\/www.zahrada-bydleni.cz\/index.php?rest_route=%2Fwp%2Fv2%2Fcomments&post=988"}],"version-history":[{"count":1,"href":"https:\/\/www.zahrada-bydleni.cz\/index.php?rest_route=\/wp\/v2\/posts\/988\/revisions"}],"predecessor-version":[{"id":990,"href":"https:\/\/www.zahrada-bydleni.cz\/index.php?rest_route=\/wp\/v2\/posts\/988\/revisions\/990"}],"wp:featuredmedia":[{"embeddable":true,"href":"https:\/\/www.zahrada-bydleni.cz\/index.php?rest_route=\/wp\/v2\/media\/989"}],"wp:attachment":[{"href":"https:\/\/www.zahrada-bydleni.cz\/index.php?rest_route=%2Fwp%2Fv2%2Fmedia&parent=988"}],"wp:term":[{"taxonomy":"category","embeddable":true,"href":"https:\/\/www.zahrada-bydleni.cz\/index.php?rest_route=%2Fwp%2Fv2%2Fcategories&post=988"},{"taxonomy":"post_tag","embeddable":true,"href":"https:\/\/www.zahrada-bydleni.cz\/index.php?rest_route=%2Fwp%2Fv2%2Ftags&post=988"}],"curies":[{"name":"wp","href":"https:\/\/api.w.org\/{rel}","templated":true}]}}