{"id":985,"date":"2026-02-15T11:16:30","date_gmt":"2026-02-15T10:16:30","guid":{"rendered":"https:\/\/www.zahrada-bydleni.cz\/?p=985"},"modified":"2026-02-15T11:16:32","modified_gmt":"2026-02-15T10:16:32","slug":"zahrada-pro-odpocinek-a-regeneraci","status":"publish","type":"post","link":"https:\/\/www.zahrada-bydleni.cz\/?p=985","title":{"rendered":"Zahrada pro odpo\u010dinek a regeneraci"},"content":{"rendered":"\n<p>Zahrada m\u016f\u017ee b\u00fdt m\u00edstem, kde na\u010derp\u00e1te energii, odpo\u010dinete si a zregenerujete t\u011blo i mysl. Takov\u00e9 prost\u0159ed\u00ed podporuje relaxaci, sni\u017euje stres a vytv\u00e1\u0159\u00ed prostor pro klidn\u00e9 chv\u00edle s rodinou nebo osamocenou meditaci.<\/p>\n\n\n\n<h2 class=\"wp-block-heading\">Klidov\u00e9 z\u00f3ny<\/h2>\n\n\n\n<p>Odd\u011blen\u00e9 koutky s lavi\u010dkou, houpac\u00ed s\u00edt\u00ed nebo leh\u00e1tkem poskytuj\u00ed m\u00edsto pro odpo\u010dinek. Z\u00f3nu lze vytvo\u0159it pomoc\u00ed ke\u0159\u016f, strom\u016f nebo pergoly, kter\u00e9 nab\u00edzej\u00ed soukrom\u00ed a pocit bezpe\u010d\u00ed.<\/p>\n\n\n\n<h2 class=\"wp-block-heading\">Zele\u0148 a kv\u011btiny pro pohodu<\/h2>\n\n\n\n<p>Rostliny maj\u00ed uklid\u0148uj\u00edc\u00ed \u00fa\u010dinek \u2013 nejen svou barvou, ale i v\u016fn\u00ed. Levandule, jasm\u00edn nebo r\u016f\u017ee podporuj\u00ed relaxaci a p\u0159irozen\u011b zpomaluj\u00ed tempo. Kombinace strom\u016f, ke\u0159\u016f a trvalek vytv\u00e1\u0159\u00ed harmonick\u00fd prostor.<\/p>\n\n\n\n<h2 class=\"wp-block-heading\">Vodn\u00ed prvky<\/h2>\n\n\n\n<p>Font\u00e1nka, jez\u00edrko nebo p\u00edtko pro pt\u00e1ky dod\u00e1vaj\u00ed zahrad\u011b pohyb a zvuk. Jemn\u00fd \u0161um vody p\u016fsob\u00ed relaxa\u010dn\u011b a zvy\u0161uje pocit klidu.<\/p>\n\n\n\n<h2 class=\"wp-block-heading\">P\u0159\u00edrodn\u00ed materi\u00e1ly<\/h2>\n\n\n\n<p>D\u0159evo, k\u00e1men a prout\u00ed podporuj\u00ed p\u0159irozenou atmosf\u00e9ru zahrady. Cesti\u010dky z p\u0159\u00edrodn\u00edch materi\u00e1l\u016f a dekorace z kamen\u016f nebo d\u0159eva propojuj\u00ed jednotliv\u00e9 z\u00f3ny a p\u0159isp\u00edvaj\u00ed k harmonick\u00e9mu vzhledu.<\/p>\n\n\n\n<h2 class=\"wp-block-heading\">Osv\u011btlen\u00ed a ve\u010dern\u00ed atmosf\u00e9ra<\/h2>\n\n\n\n<p>Tepl\u00e9 sv\u011btlo lamp, luceren \u010di sol\u00e1rn\u00edch bodov\u00fdch sv\u00edtidel prodlu\u017euje vyu\u017eit\u00ed zahrady do ve\u010dern\u00edch hodin. Vytv\u00e1\u0159\u00ed intimn\u00ed prost\u0159ed\u00ed vhodn\u00e9 pro odpo\u010dinek i romantick\u00e9 chv\u00edle.<\/p>\n\n\n\n<h2 class=\"wp-block-heading\">Z\u00e1v\u011br<\/h2>\n\n\n\n<p>Zahrada ur\u010den\u00e1 k odpo\u010dinku je m\u00edstem pro regeneraci t\u011bla i mysli. Promy\u0161len\u00e9 rozm\u00edst\u011bn\u00ed klidov\u00fdch z\u00f3n, vhodn\u00e1 zele\u0148, vodn\u00ed prvky a p\u0159irozen\u00e9 materi\u00e1ly vytvo\u0159\u00ed harmonick\u00fd prostor, kter\u00fd poskytuje \u00fato\u010di\u0161t\u011b od ka\u017edodenn\u00edho shonu.<\/p>\n","protected":false},"excerpt":{"rendered":"<p>Zahrada m\u016f\u017ee b\u00fdt m\u00edstem, kde na\u010derp\u00e1te energii, odpo\u010dinete si a zregenerujete t\u011blo i mysl. Takov\u00e9 prost\u0159ed\u00ed podporuje relaxaci, sni\u017euje stres a vytv\u00e1\u0159\u00ed&hellip;<\/p>\n","protected":false},"author":2,"featured_media":986,"comment_status":"open","ping_status":"open","sticky":false,"template":"","format":"standard","meta":{"_lmt_disableupdate":"","_lmt_disable":"","footnotes":""},"categories":[24],"tags":[],"class_list":["post-985","post","type-post","status-publish","format-standard","has-post-thumbnail","hentry","category-zahrada"],"_links":{"self":[{"href":"https:\/\/www.zahrada-bydleni.cz\/index.php?rest_route=\/wp\/v2\/posts\/985","targetHints":{"allow":["GET"]}}],"collection":[{"href":"https:\/\/www.zahrada-bydleni.cz\/index.php?rest_route=\/wp\/v2\/posts"}],"about":[{"href":"https:\/\/www.zahrada-bydleni.cz\/index.php?rest_route=\/wp\/v2\/types\/post"}],"author":[{"embeddable":true,"href":"https:\/\/www.zahrada-bydleni.cz\/index.php?rest_route=\/wp\/v2\/users\/2"}],"replies":[{"embeddable":true,"href":"https:\/\/www.zahrada-bydleni.cz\/index.php?rest_route=%2Fwp%2Fv2%2Fcomments&post=985"}],"version-history":[{"count":1,"href":"https:\/\/www.zahrada-bydleni.cz\/index.php?rest_route=\/wp\/v2\/posts\/985\/revisions"}],"predecessor-version":[{"id":987,"href":"https:\/\/www.zahrada-bydleni.cz\/index.php?rest_route=\/wp\/v2\/posts\/985\/revisions\/987"}],"wp:featuredmedia":[{"embeddable":true,"href":"https:\/\/www.zahrada-bydleni.cz\/index.php?rest_route=\/wp\/v2\/media\/986"}],"wp:attachment":[{"href":"https:\/\/www.zahrada-bydleni.cz\/index.php?rest_route=%2Fwp%2Fv2%2Fmedia&parent=985"}],"wp:term":[{"taxonomy":"category","embeddable":true,"href":"https:\/\/www.zahrada-bydleni.cz\/index.php?rest_route=%2Fwp%2Fv2%2Fcategories&post=985"},{"taxonomy":"post_tag","embeddable":true,"href":"https:\/\/www.zahrada-bydleni.cz\/index.php?rest_route=%2Fwp%2Fv2%2Ftags&post=985"}],"curies":[{"name":"wp","href":"https:\/\/api.w.org\/{rel}","templated":true}]}}