{"id":982,"date":"2026-02-15T11:14:30","date_gmt":"2026-02-15T10:14:30","guid":{"rendered":"https:\/\/www.zahrada-bydleni.cz\/?p=982"},"modified":"2026-02-15T11:14:33","modified_gmt":"2026-02-15T10:14:33","slug":"luxusni-zahrada-elegance-komfort-a-soukromi","status":"publish","type":"post","link":"https:\/\/www.zahrada-bydleni.cz\/?p=982","title":{"rendered":"Luxusn\u00ed zahrada: elegance, komfort a soukrom\u00ed"},"content":{"rendered":"\n<p>Luxusn\u00ed zahrada nen\u00ed jen o velikosti prostoru, ale p\u0159edev\u0161\u00edm o kvalit\u011b zpracov\u00e1n\u00ed, detailech a atmosf\u00e9\u0159e. Spojuje reprezentativn\u00ed vzhled s maxim\u00e1ln\u00edm komfortem a vytv\u00e1\u0159\u00ed prost\u0159ed\u00ed, kter\u00e9 p\u016fsob\u00ed exkluzivn\u011b a z\u00e1rove\u0148 p\u0159\u00edjemn\u011b.<\/p>\n\n\n\n<h2 class=\"wp-block-heading\">Promy\u0161len\u00fd architektonick\u00fd koncept<\/h2>\n\n\n\n<p>Z\u00e1kladem je jednotn\u00fd design, kter\u00fd lad\u00ed s architekturou domu. \u010cist\u00e9 linie, symetrie nebo naopak modern\u00ed geometrick\u00e9 prvky d\u00e1vaj\u00ed zahrad\u011b jasn\u00fd charakter. D\u016fle\u017eit\u00e1 je harmonie mezi tvrd\u00fdmi povrchy a zelen\u00ed.<\/p>\n\n\n\n<h2 class=\"wp-block-heading\">Kvalitn\u00ed materi\u00e1ly<\/h2>\n\n\n\n<p>P\u0159\u00edrodn\u00ed k\u00e1men, exotick\u00e9 d\u0159evo, velkoform\u00e1tov\u00e1 dla\u017eba nebo designov\u00e9 kovov\u00e9 prvky podtrhuj\u00ed luxusn\u00ed dojem. Materi\u00e1ly by m\u011bly b\u00fdt nejen estetick\u00e9, ale i odoln\u00e9 a dlouhodob\u011b udr\u017eiteln\u00e9.<\/p>\n\n\n\n<h2 class=\"wp-block-heading\">Voda jako dominantn\u00ed prvek<\/h2>\n\n\n\n<p>Baz\u00e9n s p\u0159elivovou hranou, modern\u00ed jez\u00edrko nebo designov\u00e1 font\u00e1na dod\u00e1vaj\u00ed zahrad\u011b dynamiku a presti\u017e. Vodn\u00ed prvky z\u00e1rove\u0148 vytv\u00e1\u0159ej\u00ed uklid\u0148uj\u00edc\u00ed zvukovou kulisu a podporuj\u00ed relaxaci.<\/p>\n\n\n\n<h2 class=\"wp-block-heading\">Soukrom\u00ed a bezpe\u010d\u00ed<\/h2>\n\n\n\n<p>Luxusn\u00ed zahrada \u010dasto pracuje s vysok\u00fdmi \u017eiv\u00fdmi ploty, vzrostl\u00fdmi stromy \u010di modern\u00edmi plotov\u00fdmi syst\u00e9my, kter\u00e9 zaji\u0161\u0165uj\u00ed soukrom\u00ed. Osv\u011btlen\u00ed a chytr\u00e9 technologie mohou zv\u00fd\u0161it bezpe\u010dnost i komfort.<\/p>\n\n\n\n<h2 class=\"wp-block-heading\">Exteri\u00e9rov\u00e1 kuchyn\u011b a wellness z\u00f3na<\/h2>\n\n\n\n<p>Grilovac\u00ed kout, venkovn\u00ed kuchyn\u011b nebo dokonce v\u00ed\u0159ivka \u010di sauna prom\u011b\u0148uj\u00ed zahradu v plnohodnotn\u00fd prostor pro relaxaci i spole\u010densk\u00e9 ud\u00e1losti. Komfort interi\u00e9ru se tak p\u0159en\u00e1\u0161\u00ed ven.<\/p>\n\n\n\n<h2 class=\"wp-block-heading\">Osv\u011btlen\u00ed jako designov\u00fd prvek<\/h2>\n\n\n\n<p>Pe\u010dliv\u011b navr\u017een\u00e9 osv\u011btlen\u00ed zv\u00fdraz\u0148uje architekturu i zele\u0148. Sv\u011btla zapu\u0161t\u011bn\u00e1 do zem\u011b, podsv\u00edcen\u00e9 stromy nebo jemn\u00e9 nasv\u00edcen\u00ed cesti\u010dek vytv\u00e1\u0159ej\u00ed ve\u010der jedine\u010dnou atmosf\u00e9ru.<\/p>\n\n\n\n<h2 class=\"wp-block-heading\">Z\u00e1v\u011br<\/h2>\n\n\n\n<p>Luxusn\u00ed zahrada je symbolem pohodl\u00ed, elegance a individu\u00e1ln\u00edho stylu. D\u00edky kvalitn\u00edm materi\u00e1l\u016fm, modern\u00edm technologi\u00edm a d\u016frazu na detail vznik\u00e1 prostor, kter\u00fd poskytuje soukrom\u00ed i dokonal\u00e9 m\u00edsto pro odpo\u010dinek a reprezentaci.<\/p>\n","protected":false},"excerpt":{"rendered":"<p>Luxusn\u00ed zahrada nen\u00ed jen o velikosti prostoru, ale p\u0159edev\u0161\u00edm o kvalit\u011b zpracov\u00e1n\u00ed, detailech a atmosf\u00e9\u0159e. Spojuje reprezentativn\u00ed vzhled s maxim\u00e1ln\u00edm komfortem a&hellip;<\/p>\n","protected":false},"author":2,"featured_media":983,"comment_status":"open","ping_status":"open","sticky":false,"template":"","format":"standard","meta":{"_lmt_disableupdate":"","_lmt_disable":"","footnotes":""},"categories":[24],"tags":[],"class_list":["post-982","post","type-post","status-publish","format-standard","has-post-thumbnail","hentry","category-zahrada"],"_links":{"self":[{"href":"https:\/\/www.zahrada-bydleni.cz\/index.php?rest_route=\/wp\/v2\/posts\/982","targetHints":{"allow":["GET"]}}],"collection":[{"href":"https:\/\/www.zahrada-bydleni.cz\/index.php?rest_route=\/wp\/v2\/posts"}],"about":[{"href":"https:\/\/www.zahrada-bydleni.cz\/index.php?rest_route=\/wp\/v2\/types\/post"}],"author":[{"embeddable":true,"href":"https:\/\/www.zahrada-bydleni.cz\/index.php?rest_route=\/wp\/v2\/users\/2"}],"replies":[{"embeddable":true,"href":"https:\/\/www.zahrada-bydleni.cz\/index.php?rest_route=%2Fwp%2Fv2%2Fcomments&post=982"}],"version-history":[{"count":1,"href":"https:\/\/www.zahrada-bydleni.cz\/index.php?rest_route=\/wp\/v2\/posts\/982\/revisions"}],"predecessor-version":[{"id":984,"href":"https:\/\/www.zahrada-bydleni.cz\/index.php?rest_route=\/wp\/v2\/posts\/982\/revisions\/984"}],"wp:featuredmedia":[{"embeddable":true,"href":"https:\/\/www.zahrada-bydleni.cz\/index.php?rest_route=\/wp\/v2\/media\/983"}],"wp:attachment":[{"href":"https:\/\/www.zahrada-bydleni.cz\/index.php?rest_route=%2Fwp%2Fv2%2Fmedia&parent=982"}],"wp:term":[{"taxonomy":"category","embeddable":true,"href":"https:\/\/www.zahrada-bydleni.cz\/index.php?rest_route=%2Fwp%2Fv2%2Fcategories&post=982"},{"taxonomy":"post_tag","embeddable":true,"href":"https:\/\/www.zahrada-bydleni.cz\/index.php?rest_route=%2Fwp%2Fv2%2Ftags&post=982"}],"curies":[{"name":"wp","href":"https:\/\/api.w.org\/{rel}","templated":true}]}}