{"id":979,"date":"2026-02-15T11:12:18","date_gmt":"2026-02-15T10:12:18","guid":{"rendered":"https:\/\/www.zahrada-bydleni.cz\/?p=979"},"modified":"2026-02-15T11:12:20","modified_gmt":"2026-02-15T10:12:20","slug":"celorocni-zahrada-krasa-v-kazdem-rocnim-obdobi","status":"publish","type":"post","link":"https:\/\/www.zahrada-bydleni.cz\/?p=979","title":{"rendered":"Celoro\u010dn\u00ed zahrada: kr\u00e1sa v ka\u017ed\u00e9m ro\u010dn\u00edm obdob\u00ed"},"content":{"rendered":"\n<p>Zahrada nemus\u00ed b\u00fdt atraktivn\u00ed jen na ja\u0159e a v l\u00e9t\u011b. Spr\u00e1vn\u00fdm pl\u00e1nov\u00e1n\u00edm lze vytvo\u0159it prostor, kter\u00fd bude p\u016fsobit zaj\u00edmav\u011b po cel\u00fd rok. Celoro\u010dn\u00ed zahrada pracuje s prom\u011bnlivost\u00ed p\u0159\u00edrody a vyu\u017e\u00edv\u00e1 ji jako svou p\u0159ednost.<\/p>\n\n\n\n<h2 class=\"wp-block-heading\">Jaro jako za\u010d\u00e1tek nov\u00e9 energie<\/h2>\n\n\n\n<p>Jaro p\u0159in\u00e1\u0161\u00ed prvn\u00ed barvy a sv\u011b\u017e\u00ed zele\u0148. Cibuloviny, rozkvetl\u00e9 ke\u0159e a mlad\u00e9 listy strom\u016f symbolizuj\u00ed nov\u00fd za\u010d\u00e1tek. V tomto obdob\u00ed je d\u016fle\u017eit\u00e9 zahradu vy\u010distit, doplnit \u017eiviny do p\u016fdy a p\u0159ipravit ji na dal\u0161\u00ed sez\u00f3nu.<\/p>\n\n\n\n<h2 class=\"wp-block-heading\">Letn\u00ed plnost a \u017eivot<\/h2>\n\n\n\n<p>L\u00e9to je obdob\u00edm nejv\u011bt\u0161\u00edho rozkv\u011btu. Trvalky, r\u016f\u017ee a okrasn\u00e9 tr\u00e1vy vytv\u00e1\u0159ej\u00ed bohat\u00e9 kompozice. Zahrada slou\u017e\u00ed k odpo\u010dinku, stolov\u00e1n\u00ed i setk\u00e1v\u00e1n\u00ed s p\u0159\u00e1teli. Pravideln\u00e1 z\u00e1livka a p\u00e9\u010de udr\u017euj\u00ed rostliny v dobr\u00e9 kondici.<\/p>\n\n\n\n<h2 class=\"wp-block-heading\">Podzimn\u00ed barvy a sklize\u0148<\/h2>\n\n\n\n<p>Podzim p\u0159in\u00e1\u0161\u00ed tepl\u00e9 odst\u00edny list\u00ed, plody a sklize\u0148 ovoce \u010di zeleniny. Okrasn\u00e9 tr\u00e1vy a ke\u0159e z\u00edsk\u00e1vaj\u00ed v\u00fdrazn\u00e9 barvy, kter\u00e9 dod\u00e1vaj\u00ed zahrad\u011b hloubku. Je to tak\u00e9 \u010das p\u0159\u00edpravy na zimu \u2013 \u00faklidu z\u00e1hon\u016f a ochrany citliv\u011bj\u0161\u00edch rostlin.<\/p>\n\n\n\n<h2 class=\"wp-block-heading\">Zima jako obdob\u00ed klidu<\/h2>\n\n\n\n<p>I zimn\u00ed zahrada m\u016f\u017ee b\u00fdt kr\u00e1sn\u00e1. St\u00e1lezelen\u00e9 d\u0159eviny, struktura v\u011btv\u00ed a zasn\u011b\u017een\u00e9 plochy vytv\u00e1\u0159ej\u00ed klidnou atmosf\u00e9ru. Zahrada odpo\u010d\u00edv\u00e1 a nab\u00edr\u00e1 s\u00edly na dal\u0161\u00ed cyklus.<\/p>\n\n\n\n<h2 class=\"wp-block-heading\">Promy\u0161len\u00fd v\u00fdb\u011br rostlin<\/h2>\n\n\n\n<p>Kl\u00ed\u010dem k celoro\u010dn\u00edmu efektu je kombinace rostlin s r\u016fznou dobou kv\u011btu, zaj\u00edmavou strukturou list\u016f \u010di dekorativn\u00ed k\u016frou. D\u00edky tomu zahrada neztrat\u00ed sv\u016fj p\u016fvab ani mimo hlavn\u00ed sez\u00f3nu.<\/p>\n\n\n\n<h2 class=\"wp-block-heading\">Z\u00e1v\u011br<\/h2>\n\n\n\n<p>Celoro\u010dn\u00ed zahrada odr\u00e1\u017e\u00ed p\u0159irozen\u00fd rytmus p\u0159\u00edrody. P\u0159in\u00e1\u0161\u00ed radost v ka\u017ed\u00e9m obdob\u00ed a ukazuje, \u017ee kr\u00e1sa se m\u016f\u017ee m\u011bnit, ale nikdy nemus\u00ed zmizet. Sta\u010d\u00ed citliv\u00e9 pl\u00e1nov\u00e1n\u00ed a respekt k p\u0159irozen\u00fdm cykl\u016fm.<\/p>\n","protected":false},"excerpt":{"rendered":"<p>Zahrada nemus\u00ed b\u00fdt atraktivn\u00ed jen na ja\u0159e a v l\u00e9t\u011b. Spr\u00e1vn\u00fdm pl\u00e1nov\u00e1n\u00edm lze vytvo\u0159it prostor, kter\u00fd bude p\u016fsobit zaj\u00edmav\u011b po cel\u00fd rok.&hellip;<\/p>\n","protected":false},"author":2,"featured_media":980,"comment_status":"open","ping_status":"open","sticky":false,"template":"","format":"standard","meta":{"_lmt_disableupdate":"","_lmt_disable":"","footnotes":""},"categories":[24],"tags":[],"class_list":["post-979","post","type-post","status-publish","format-standard","has-post-thumbnail","hentry","category-zahrada"],"_links":{"self":[{"href":"https:\/\/www.zahrada-bydleni.cz\/index.php?rest_route=\/wp\/v2\/posts\/979","targetHints":{"allow":["GET"]}}],"collection":[{"href":"https:\/\/www.zahrada-bydleni.cz\/index.php?rest_route=\/wp\/v2\/posts"}],"about":[{"href":"https:\/\/www.zahrada-bydleni.cz\/index.php?rest_route=\/wp\/v2\/types\/post"}],"author":[{"embeddable":true,"href":"https:\/\/www.zahrada-bydleni.cz\/index.php?rest_route=\/wp\/v2\/users\/2"}],"replies":[{"embeddable":true,"href":"https:\/\/www.zahrada-bydleni.cz\/index.php?rest_route=%2Fwp%2Fv2%2Fcomments&post=979"}],"version-history":[{"count":1,"href":"https:\/\/www.zahrada-bydleni.cz\/index.php?rest_route=\/wp\/v2\/posts\/979\/revisions"}],"predecessor-version":[{"id":981,"href":"https:\/\/www.zahrada-bydleni.cz\/index.php?rest_route=\/wp\/v2\/posts\/979\/revisions\/981"}],"wp:featuredmedia":[{"embeddable":true,"href":"https:\/\/www.zahrada-bydleni.cz\/index.php?rest_route=\/wp\/v2\/media\/980"}],"wp:attachment":[{"href":"https:\/\/www.zahrada-bydleni.cz\/index.php?rest_route=%2Fwp%2Fv2%2Fmedia&parent=979"}],"wp:term":[{"taxonomy":"category","embeddable":true,"href":"https:\/\/www.zahrada-bydleni.cz\/index.php?rest_route=%2Fwp%2Fv2%2Fcategories&post=979"},{"taxonomy":"post_tag","embeddable":true,"href":"https:\/\/www.zahrada-bydleni.cz\/index.php?rest_route=%2Fwp%2Fv2%2Ftags&post=979"}],"curies":[{"name":"wp","href":"https:\/\/api.w.org\/{rel}","templated":true}]}}