{"id":973,"date":"2026-02-15T11:06:25","date_gmt":"2026-02-15T10:06:25","guid":{"rendered":"https:\/\/www.zahrada-bydleni.cz\/?p=973"},"modified":"2026-02-15T11:06:26","modified_gmt":"2026-02-15T10:06:26","slug":"prirodni-zahrada-harmonie-s-krajinou","status":"publish","type":"post","link":"https:\/\/www.zahrada-bydleni.cz\/?p=973","title":{"rendered":"P\u0159\u00edrodn\u00ed zahrada: harmonie s krajinou"},"content":{"rendered":"\n<p>P\u0159\u00edrodn\u00ed zahrada respektuje okoln\u00ed krajinu a podporuje p\u0159irozen\u00e9 procesy. Neusiluje o dokonalou symetrii ani p\u0159\u00edsn\u011b zast\u0159i\u017een\u00e9 tvary, ale o rovnov\u00e1hu mezi \u010dlov\u011bkem a p\u0159\u00edrodou. V\u00fdsledkem je prostor, kter\u00fd p\u016fsob\u00ed uvoln\u011bn\u011b, autenticky a \u017eiv\u011b.<\/p>\n\n\n\n<h2 class=\"wp-block-heading\">Podpora biodiverzity<\/h2>\n\n\n\n<p>Jedn\u00edm z hlavn\u00edch c\u00edl\u016f p\u0159\u00edrodn\u00ed zahrady je podpora rozmanitosti \u017eivota. V\u00fdsadba p\u016fvodn\u00edch druh\u016f rostlin p\u0159itahuje mot\u00fdly, v\u010dely i pt\u00e1ky. Hmyz\u00ed hotel, p\u00edtko nebo ke\u0159e poskytuj\u00edc\u00ed \u00fakryt vytv\u00e1\u0159ej\u00ed prost\u0159ed\u00ed, kde se \u017eivo\u010dichov\u00e9 c\u00edt\u00ed bezpe\u010dn\u011b.<\/p>\n\n\n\n<h2 class=\"wp-block-heading\">Louka m\u00edsto klasick\u00e9ho tr\u00e1vn\u00edku<\/h2>\n\n\n\n<p>Nam\u00edsto dokonale posekan\u00e9ho tr\u00e1vn\u00edku m\u016f\u017ee \u010d\u00e1st zahrady tvo\u0159it kv\u011btnat\u00e1 louka. Ta vy\u017eaduje m\u00e9n\u011b \u00fadr\u017eby a z\u00e1rove\u0148 podporuje opylova\u010de. Louka p\u0159in\u00e1\u0161\u00ed barevnost i p\u0159irozen\u00fd pohyb v krajin\u011b.<\/p>\n\n\n\n<h2 class=\"wp-block-heading\">P\u0159irozen\u00e9 materi\u00e1ly<\/h2>\n\n\n\n<p>D\u0159evo, k\u00e1men a \u0161t\u011brk se v p\u0159\u00edrodn\u00ed zahrad\u011b pou\u017e\u00edvaj\u00ed bez v\u00fdrazn\u00fdch \u00faprav. Cesti\u010dky mohou m\u00edt nepravideln\u00fd tvar a z\u00e1hony voln\u00e9 okraje. D\u016fle\u017eit\u00e1 je jednoduchost a respekt k p\u0159irozen\u00e9mu charakteru m\u00edsta.<\/p>\n\n\n\n<h2 class=\"wp-block-heading\">Voda jako zdroj \u017eivota<\/h2>\n\n\n\n<p>Mal\u00e9 jez\u00edrko nebo mok\u0159adn\u00ed kout p\u0159itahuj\u00ed \u017eivo\u010dichy a podporuj\u00ed ekologickou rovnov\u00e1hu. Voda zadr\u017eovan\u00e1 na pozemku pom\u00e1h\u00e1 i v obdob\u00ed sucha.<\/p>\n\n\n\n<h2 class=\"wp-block-heading\">M\u00e9n\u011b chemie, v\u00edce rovnov\u00e1hy<\/h2>\n\n\n\n<p>P\u0159\u00edrodn\u00ed zahrada omezuje pou\u017e\u00edv\u00e1n\u00ed chemick\u00fdch hnojiv a post\u0159ik\u016f. Kompost, mul\u010dov\u00e1n\u00ed a p\u0159irozen\u00e9 st\u0159\u00edd\u00e1n\u00ed rostlin podporuj\u00ed zdrav\u00ed p\u016fdy i rostlin bez naru\u0161en\u00ed ekosyst\u00e9mu.<\/p>\n\n\n\n<h2 class=\"wp-block-heading\">Z\u00e1v\u011br<\/h2>\n\n\n\n<p>P\u0159\u00edrodn\u00ed zahrada je n\u00e1vratem k jednoduchosti a respektu k okoln\u00ed krajin\u011b. Nab\u00edz\u00ed klid, podporuje \u017eivot a p\u0159in\u00e1\u0161\u00ed radost z prostoru, kter\u00fd je v souladu s p\u0159\u00edrodn\u00edmi rytmy.<\/p>\n","protected":false},"excerpt":{"rendered":"<p>P\u0159\u00edrodn\u00ed zahrada respektuje okoln\u00ed krajinu a podporuje p\u0159irozen\u00e9 procesy. Neusiluje o dokonalou symetrii ani p\u0159\u00edsn\u011b zast\u0159i\u017een\u00e9 tvary, ale o rovnov\u00e1hu mezi \u010dlov\u011bkem&hellip;<\/p>\n","protected":false},"author":2,"featured_media":974,"comment_status":"open","ping_status":"open","sticky":false,"template":"","format":"standard","meta":{"_lmt_disableupdate":"","_lmt_disable":"","footnotes":""},"categories":[24],"tags":[],"class_list":["post-973","post","type-post","status-publish","format-standard","has-post-thumbnail","hentry","category-zahrada"],"_links":{"self":[{"href":"https:\/\/www.zahrada-bydleni.cz\/index.php?rest_route=\/wp\/v2\/posts\/973","targetHints":{"allow":["GET"]}}],"collection":[{"href":"https:\/\/www.zahrada-bydleni.cz\/index.php?rest_route=\/wp\/v2\/posts"}],"about":[{"href":"https:\/\/www.zahrada-bydleni.cz\/index.php?rest_route=\/wp\/v2\/types\/post"}],"author":[{"embeddable":true,"href":"https:\/\/www.zahrada-bydleni.cz\/index.php?rest_route=\/wp\/v2\/users\/2"}],"replies":[{"embeddable":true,"href":"https:\/\/www.zahrada-bydleni.cz\/index.php?rest_route=%2Fwp%2Fv2%2Fcomments&post=973"}],"version-history":[{"count":1,"href":"https:\/\/www.zahrada-bydleni.cz\/index.php?rest_route=\/wp\/v2\/posts\/973\/revisions"}],"predecessor-version":[{"id":975,"href":"https:\/\/www.zahrada-bydleni.cz\/index.php?rest_route=\/wp\/v2\/posts\/973\/revisions\/975"}],"wp:featuredmedia":[{"embeddable":true,"href":"https:\/\/www.zahrada-bydleni.cz\/index.php?rest_route=\/wp\/v2\/media\/974"}],"wp:attachment":[{"href":"https:\/\/www.zahrada-bydleni.cz\/index.php?rest_route=%2Fwp%2Fv2%2Fmedia&parent=973"}],"wp:term":[{"taxonomy":"category","embeddable":true,"href":"https:\/\/www.zahrada-bydleni.cz\/index.php?rest_route=%2Fwp%2Fv2%2Fcategories&post=973"},{"taxonomy":"post_tag","embeddable":true,"href":"https:\/\/www.zahrada-bydleni.cz\/index.php?rest_route=%2Fwp%2Fv2%2Ftags&post=973"}],"curies":[{"name":"wp","href":"https:\/\/api.w.org\/{rel}","templated":true}]}}