{"id":970,"date":"2026-02-15T11:05:32","date_gmt":"2026-02-15T10:05:32","guid":{"rendered":"https:\/\/www.zahrada-bydleni.cz\/?p=970"},"modified":"2026-02-15T11:05:35","modified_gmt":"2026-02-15T10:05:35","slug":"okrasna-zahrada-jako-zive-umelecke-dilo","status":"publish","type":"post","link":"https:\/\/www.zahrada-bydleni.cz\/?p=970","title":{"rendered":"Okrasn\u00e1 zahrada jako \u017eiv\u00e9 um\u011bleck\u00e9 d\u00edlo"},"content":{"rendered":"\n<p>Okrasn\u00e1 zahrada nen\u00ed pouze souborem rostlin a tr\u00e1vn\u00edku. Je to promy\u0161len\u00e1 kompozice barev, tvar\u016f a struktur, kter\u00e1 vytv\u00e1\u0159\u00ed harmonick\u00fd celek. Spr\u00e1vn\u011b navr\u017een\u00e1 okrasn\u00e1 zahrada dok\u00e1\u017ee p\u016fsobit jako \u017eiv\u00e9 um\u011bleck\u00e9 d\u00edlo, kter\u00e9 se b\u011bhem roku neust\u00e1le prom\u011b\u0148uje.<\/p>\n\n\n\n<h2 class=\"wp-block-heading\">Hra barev b\u011bhem ro\u010dn\u00edch obdob\u00ed<\/h2>\n\n\n\n<p>Kl\u00ed\u010dem k atraktivn\u00ed okrasn\u00e9 zahrad\u011b je pl\u00e1nov\u00e1n\u00ed tak, aby v ka\u017ed\u00e9m obdob\u00ed n\u011bco kvetlo. Na ja\u0159e dominuj\u00ed cibuloviny a rozkvetl\u00e9 stromy, l\u00e9to pat\u0159\u00ed trvalk\u00e1m a r\u016f\u017e\u00edm, podzim p\u0159in\u00e1\u0161\u00ed tepl\u00e9 t\u00f3ny list\u00ed a okrasn\u00fdch trav. I zima m\u016f\u017ee b\u00fdt zaj\u00edmav\u00e1 d\u00edky st\u00e1lezelen\u00fdm ke\u0159\u016fm a struktur\u00e1m v\u011btv\u00ed.<\/p>\n\n\n\n<h2 class=\"wp-block-heading\">Kombinace v\u00fd\u0161ek a textur<\/h2>\n\n\n\n<p>R\u016fzn\u00e1 v\u00fd\u0161ka rostlin dod\u00e1v\u00e1 zahrad\u011b hloubku. N\u00edzk\u00e9 p\u016fdopokryvn\u00e9 rostliny, st\u0159edn\u011b vysok\u00e9 ke\u0159e a vy\u0161\u0161\u00ed stromy vytv\u00e1\u0159ej\u00ed p\u0159irozen\u00e9 vrstven\u00ed. Textura list\u016f \u2013 jemn\u00e1, leskl\u00e1 \u010di v\u00fdrazn\u011b \u010dlenit\u00e1 \u2013 p\u0159isp\u00edv\u00e1 k vizu\u00e1ln\u00ed pestrosti.<\/p>\n\n\n\n<h2 class=\"wp-block-heading\">Dominantn\u00ed prvek jako st\u0159edobod<\/h2>\n\n\n\n<p>Ka\u017ed\u00e1 okrasn\u00e1 zahrada by m\u011bla m\u00edt v\u00fdrazn\u00fd prvek, kter\u00fd p\u0159itahuje pozornost. M\u016f\u017ee to b\u00fdt solit\u00e9rn\u00ed strom, socha, font\u00e1na nebo v\u00fdrazn\u00fd z\u00e1hon. Tento prvek d\u00e1v\u00e1 prostoru charakter a pom\u00e1h\u00e1 sjednotit celkov\u00fd design.<\/p>\n\n\n\n<h2 class=\"wp-block-heading\">Cesti\u010dky a struktura<\/h2>\n\n\n\n<p>Kamenn\u00e9 nebo \u0161t\u011brkov\u00e9 cesti\u010dky nejen usnad\u0148uj\u00ed pohyb, ale tak\u00e9 dod\u00e1vaj\u00ed zahrad\u011b strukturu. P\u0159irozen\u00e9 k\u0159ivky p\u016fsob\u00ed m\u011bkce a romanticky, zat\u00edmco rovn\u00e9 linie navozuj\u00ed modern\u00ed dojem.<\/p>\n\n\n\n<h2 class=\"wp-block-heading\">P\u00e9\u010de jako sou\u010d\u00e1st estetiky<\/h2>\n\n\n\n<p>Pravideln\u00e9 zast\u0159ih\u00e1v\u00e1n\u00ed, odstra\u0148ov\u00e1n\u00ed odkvetl\u00fdch kv\u011bt\u016f a p\u00e9\u010de o tr\u00e1vn\u00edk udr\u017euj\u00ed zahradu reprezentativn\u00ed. Upraven\u00fd vzhled podtrhuje kr\u00e1su jednotliv\u00fdch prvk\u016f a celkov\u00e9 kompozice.<\/p>\n\n\n\n<h2 class=\"wp-block-heading\">Z\u00e1v\u011br<\/h2>\n\n\n\n<p>Okrasn\u00e1 zahrada je m\u00edstem, kde se p\u0159\u00edroda setk\u00e1v\u00e1 s kreativitou. D\u00edky promy\u0161len\u00e9mu v\u00fdb\u011bru rostlin, harmonick\u00e9mu uspo\u0159\u00e1d\u00e1n\u00ed a pravideln\u00e9 p\u00e9\u010di vznik\u00e1 prostor, kter\u00fd pot\u011b\u0161\u00ed oko i du\u0161i po cel\u00fd rok.<\/p>\n","protected":false},"excerpt":{"rendered":"<p>Okrasn\u00e1 zahrada nen\u00ed pouze souborem rostlin a tr\u00e1vn\u00edku. Je to promy\u0161len\u00e1 kompozice barev, tvar\u016f a struktur, kter\u00e1 vytv\u00e1\u0159\u00ed harmonick\u00fd celek. Spr\u00e1vn\u011b navr\u017een\u00e1&hellip;<\/p>\n","protected":false},"author":2,"featured_media":971,"comment_status":"open","ping_status":"open","sticky":false,"template":"","format":"standard","meta":{"_lmt_disableupdate":"","_lmt_disable":"","footnotes":""},"categories":[24],"tags":[],"class_list":["post-970","post","type-post","status-publish","format-standard","has-post-thumbnail","hentry","category-zahrada"],"_links":{"self":[{"href":"https:\/\/www.zahrada-bydleni.cz\/index.php?rest_route=\/wp\/v2\/posts\/970","targetHints":{"allow":["GET"]}}],"collection":[{"href":"https:\/\/www.zahrada-bydleni.cz\/index.php?rest_route=\/wp\/v2\/posts"}],"about":[{"href":"https:\/\/www.zahrada-bydleni.cz\/index.php?rest_route=\/wp\/v2\/types\/post"}],"author":[{"embeddable":true,"href":"https:\/\/www.zahrada-bydleni.cz\/index.php?rest_route=\/wp\/v2\/users\/2"}],"replies":[{"embeddable":true,"href":"https:\/\/www.zahrada-bydleni.cz\/index.php?rest_route=%2Fwp%2Fv2%2Fcomments&post=970"}],"version-history":[{"count":1,"href":"https:\/\/www.zahrada-bydleni.cz\/index.php?rest_route=\/wp\/v2\/posts\/970\/revisions"}],"predecessor-version":[{"id":972,"href":"https:\/\/www.zahrada-bydleni.cz\/index.php?rest_route=\/wp\/v2\/posts\/970\/revisions\/972"}],"wp:featuredmedia":[{"embeddable":true,"href":"https:\/\/www.zahrada-bydleni.cz\/index.php?rest_route=\/wp\/v2\/media\/971"}],"wp:attachment":[{"href":"https:\/\/www.zahrada-bydleni.cz\/index.php?rest_route=%2Fwp%2Fv2%2Fmedia&parent=970"}],"wp:term":[{"taxonomy":"category","embeddable":true,"href":"https:\/\/www.zahrada-bydleni.cz\/index.php?rest_route=%2Fwp%2Fv2%2Fcategories&post=970"},{"taxonomy":"post_tag","embeddable":true,"href":"https:\/\/www.zahrada-bydleni.cz\/index.php?rest_route=%2Fwp%2Fv2%2Ftags&post=970"}],"curies":[{"name":"wp","href":"https:\/\/api.w.org\/{rel}","templated":true}]}}