{"id":954,"date":"2026-02-15T10:53:17","date_gmt":"2026-02-15T09:53:17","guid":{"rendered":"https:\/\/www.zahrada-bydleni.cz\/?p=954"},"modified":"2026-02-15T10:53:18","modified_gmt":"2026-02-15T09:53:18","slug":"moderni-zahrada-propojeni-estetiky-odpocinku-a-funkcnosti","status":"publish","type":"post","link":"https:\/\/www.zahrada-bydleni.cz\/?p=954","title":{"rendered":"Modern\u00ed zahrada: propojen\u00ed estetiky, odpo\u010dinku a funk\u010dnosti"},"content":{"rendered":"\n<p>Zahrada dnes nen\u00ed jen m\u00edstem pro p\u011bstov\u00e1n\u00ed rostlin. St\u00e1v\u00e1 se prodlou\u017een\u00edm domova \u2013 prostorem pro relaxaci, setk\u00e1v\u00e1n\u00ed s rodinou i aktivn\u00ed odpo\u010dinek. Spr\u00e1vn\u011b navr\u017een\u00e1 zahrada dok\u00e1\u017ee nab\u00eddnout kr\u00e1su, prakti\u010dnost i soukrom\u00ed.<\/p>\n\n\n\n<h2 class=\"wp-block-heading\">Rozd\u011blen\u00ed zahrady na z\u00f3ny<\/h2>\n\n\n\n<p>Stejn\u011b jako interi\u00e9r bytu, i zahrada by m\u011bla m\u00edt jasn\u011b vymezen\u00e9 \u010d\u00e1sti.<\/p>\n\n\n\n<ul class=\"wp-block-list\">\n<li><strong>Relax z\u00f3na<\/strong>\u00a0\u2013 terasa, leh\u00e1tka, houpac\u00ed s\u00ed\u0165 nebo pergola.<\/li>\n\n\n\n<li><strong>U\u017eitkov\u00e1 \u010d\u00e1st<\/strong>\u00a0\u2013 z\u00e1hony, sklen\u00edk nebo bylinkov\u00e1 spir\u00e1la.<\/li>\n\n\n\n<li><strong>Hrac\u00ed \u010di aktivn\u00ed prostor<\/strong>\u00a0\u2013 m\u00edsto pro d\u011bti, cvi\u010den\u00ed nebo baz\u00e9n.<\/li>\n<\/ul>\n\n\n\n<p>D\u00edky tomuto rozd\u011blen\u00ed p\u016fsob\u00ed zahrada p\u0159ehledn\u011b a funk\u010dn\u011b.<\/p>\n\n\n\n<h2 class=\"wp-block-heading\">Minimalistick\u00fd a p\u0159irozen\u00fd styl<\/h2>\n\n\n\n<p>Modern\u00ed zahrady \u010dasto pracuj\u00ed s jednoduch\u00fdmi liniemi, p\u0159\u00edrodn\u00edmi materi\u00e1ly a kombinac\u00ed zelen\u011b s kamenem nebo d\u0159evem. Obl\u00edben\u00e9 jsou okrasn\u00e9 tr\u00e1vy, trvalky a nen\u00e1ro\u010dn\u00e9 ke\u0159e, kter\u00e9 vytv\u00e1\u0159ej\u00ed p\u0159irozen\u00fd vzhled bez slo\u017eit\u00e9 \u00fadr\u017eby.<\/p>\n\n\n\n<h2 class=\"wp-block-heading\">Voda jako uklid\u0148uj\u00edc\u00ed prvek<\/h2>\n\n\n\n<p>Mal\u00e9 jez\u00edrko, font\u00e1nka nebo jen p\u00edtko pro pt\u00e1ky dodaj\u00ed zahrad\u011b dynamiku. Zvuk vody p\u016fsob\u00ed uklid\u0148uj\u00edc\u00edm dojmem a podporuje relaxaci.<\/p>\n\n\n\n<h2 class=\"wp-block-heading\">Osv\u011btlen\u00ed pro atmosf\u00e9ru<\/h2>\n\n\n\n<p>Zahradn\u00ed osv\u011btlen\u00ed prodlu\u017euje vyu\u017eit\u00ed prostoru do ve\u010dern\u00edch hodin. Sol\u00e1rn\u00ed lampy, LED sv\u011btla pod\u00e9l cesti\u010dek nebo sv\u011bteln\u00e9 \u0159et\u011bzy na pergole vytvo\u0159\u00ed p\u0159\u00edjemnou a \u00fatulnou atmosf\u00e9ru.<\/p>\n\n\n\n<h2 class=\"wp-block-heading\">N\u00edzk\u00e1 \u00fadr\u017eba jako priorita<\/h2>\n\n\n\n<p>Modern\u00ed p\u0159\u00edstup klade d\u016fraz na efektivitu. Automatick\u00e1 z\u00e1vlaha, mul\u010dov\u00e1n\u00ed z\u00e1hon\u016f nebo v\u00fdb\u011br nen\u00e1ro\u010dn\u00fdch rostlin u\u0161et\u0159\u00ed \u010das a energii. Zahrada by m\u011bla p\u0159in\u00e1\u0161et radost, ne neust\u00e1lou pr\u00e1ci.<\/p>\n\n\n\n<h2 class=\"wp-block-heading\">Prostor pro setk\u00e1v\u00e1n\u00ed<\/h2>\n\n\n\n<p>Zahrada je ide\u00e1ln\u00ed m\u00edsto pro rodinn\u00e9 oslavy, grilov\u00e1n\u00ed nebo posezen\u00ed s p\u0159\u00e1teli. Pohodln\u00fd zahradn\u00ed n\u00e1bytek, dostatek st\u00ednu a funk\u010dn\u00ed uspo\u0159\u00e1d\u00e1n\u00ed zajist\u00ed, \u017ee se zde budete c\u00edtit p\u0159\u00edjemn\u011b.<\/p>\n\n\n\n<h2 class=\"wp-block-heading\">Z\u00e1v\u011br<\/h2>\n\n\n\n<p>Modern\u00ed zahrada je harmonick\u00fdm propojen\u00edm estetiky, prakti\u010dnosti a odpo\u010dinku. D\u00edky promy\u0161len\u00e9mu rozvr\u017een\u00ed, p\u0159\u00edrodn\u00edm materi\u00e1l\u016fm, nen\u00e1ro\u010dn\u00e9 zeleni a p\u0159\u00edjemn\u00e9 atmosf\u00e9\u0159e se stane m\u00edstem, kde na\u010derp\u00e1te energii a u\u017eijete si \u010das s bl\u00edzk\u00fdmi.<\/p>\n","protected":false},"excerpt":{"rendered":"<p>Zahrada dnes nen\u00ed jen m\u00edstem pro p\u011bstov\u00e1n\u00ed rostlin. St\u00e1v\u00e1 se prodlou\u017een\u00edm domova \u2013 prostorem pro relaxaci, setk\u00e1v\u00e1n\u00ed s rodinou i aktivn\u00ed odpo\u010dinek.&hellip;<\/p>\n","protected":false},"author":2,"featured_media":955,"comment_status":"open","ping_status":"open","sticky":false,"template":"","format":"standard","meta":{"_lmt_disableupdate":"","_lmt_disable":"","footnotes":""},"categories":[24],"tags":[],"class_list":["post-954","post","type-post","status-publish","format-standard","has-post-thumbnail","hentry","category-zahrada"],"_links":{"self":[{"href":"https:\/\/www.zahrada-bydleni.cz\/index.php?rest_route=\/wp\/v2\/posts\/954","targetHints":{"allow":["GET"]}}],"collection":[{"href":"https:\/\/www.zahrada-bydleni.cz\/index.php?rest_route=\/wp\/v2\/posts"}],"about":[{"href":"https:\/\/www.zahrada-bydleni.cz\/index.php?rest_route=\/wp\/v2\/types\/post"}],"author":[{"embeddable":true,"href":"https:\/\/www.zahrada-bydleni.cz\/index.php?rest_route=\/wp\/v2\/users\/2"}],"replies":[{"embeddable":true,"href":"https:\/\/www.zahrada-bydleni.cz\/index.php?rest_route=%2Fwp%2Fv2%2Fcomments&post=954"}],"version-history":[{"count":1,"href":"https:\/\/www.zahrada-bydleni.cz\/index.php?rest_route=\/wp\/v2\/posts\/954\/revisions"}],"predecessor-version":[{"id":956,"href":"https:\/\/www.zahrada-bydleni.cz\/index.php?rest_route=\/wp\/v2\/posts\/954\/revisions\/956"}],"wp:featuredmedia":[{"embeddable":true,"href":"https:\/\/www.zahrada-bydleni.cz\/index.php?rest_route=\/wp\/v2\/media\/955"}],"wp:attachment":[{"href":"https:\/\/www.zahrada-bydleni.cz\/index.php?rest_route=%2Fwp%2Fv2%2Fmedia&parent=954"}],"wp:term":[{"taxonomy":"category","embeddable":true,"href":"https:\/\/www.zahrada-bydleni.cz\/index.php?rest_route=%2Fwp%2Fv2%2Fcategories&post=954"},{"taxonomy":"post_tag","embeddable":true,"href":"https:\/\/www.zahrada-bydleni.cz\/index.php?rest_route=%2Fwp%2Fv2%2Ftags&post=954"}],"curies":[{"name":"wp","href":"https:\/\/api.w.org\/{rel}","templated":true}]}}