{"id":951,"date":"2026-02-15T10:50:06","date_gmt":"2026-02-15T09:50:06","guid":{"rendered":"https:\/\/www.zahrada-bydleni.cz\/?p=951"},"modified":"2026-02-15T10:50:08","modified_gmt":"2026-02-15T09:50:08","slug":"jak-vytvorit-zahradu-ktera-je-krasna-i-prakticka","status":"publish","type":"post","link":"https:\/\/www.zahrada-bydleni.cz\/?p=951","title":{"rendered":"Jak vytvo\u0159it zahradu, kter\u00e1 je kr\u00e1sn\u00e1 i praktick\u00e1"},"content":{"rendered":"\n<p>Zahrada nen\u00ed jen m\u00edstem pro kv\u011btiny a tr\u00e1vn\u00edk. Je to prostor, kde m\u016f\u017eete odpo\u010d\u00edvat, p\u011bstovat rostliny, zeleninu nebo bylinky a z\u00e1rove\u0148 vyu\u017e\u00edt prostor efektivn\u011b a esteticky. Spr\u00e1vn\u011b navr\u017een\u00e1 zahrada kombinuje kr\u00e1su s prakti\u010dnost\u00ed.<\/p>\n\n\n\n<h2 class=\"wp-block-heading\">Pl\u00e1nov\u00e1n\u00ed a rozvr\u017een\u00ed<\/h2>\n\n\n\n<p>Ne\u017e za\u010dnete s\u00e1zet, promyslete si, jak chcete zahradu vyu\u017e\u00edvat. Odd\u011blte z\u00f3ny pro odpo\u010dinek, p\u011bstov\u00e1n\u00ed rostlin a pohyb. Cesti\u010dky, terasy a posezen\u00ed by m\u011bly b\u00fdt logicky rozm\u00edst\u011bny, aby zahrada p\u016fsobila harmonicky a pohodln\u011b.<\/p>\n\n\n\n<h2 class=\"wp-block-heading\">V\u00fdb\u011br rostlin<\/h2>\n\n\n\n<p>Volba rostlin z\u00e1vis\u00ed na velikosti zahrady, typu p\u016fdy a mno\u017estv\u00ed slunce. Kombinujte trvalky, ke\u0159e, stromky a sez\u00f3nn\u00ed kv\u011btiny pro pestrost a barevnost. Bylinky a zelenina dodaj\u00ed zahrad\u011b praktick\u00fd rozm\u011br.<\/p>\n\n\n\n<h2 class=\"wp-block-heading\">P\u00e9\u010de o tr\u00e1vn\u00edk<\/h2>\n\n\n\n<p>Tr\u00e1vn\u00edk je vizitkou zahrady. Pravideln\u00e9 se\u010den\u00ed, hnojen\u00ed a zal\u00e9v\u00e1n\u00ed udr\u017e\u00ed tr\u00e1vn\u00edk zdrav\u00fd a zelen\u00fd. V men\u0161\u00edch zahrad\u00e1ch m\u016f\u017eete kombinovat tr\u00e1vn\u00edk s kv\u011btinov\u00fdmi z\u00e1hony nebo dekorativn\u00edmi plochami.<\/p>\n\n\n\n<h2 class=\"wp-block-heading\">Voda a zavla\u017eov\u00e1n\u00ed<\/h2>\n\n\n\n<p>Spr\u00e1vn\u00e1 z\u00e1livka je kl\u00ed\u010dov\u00e1. Kapkov\u00e1 z\u00e1vlaha, sud na de\u0161\u0165ovou vodu nebo automatick\u00e9 zavla\u017eovac\u00ed syst\u00e9my u\u0161et\u0159\u00ed \u010das a zajist\u00ed, \u017ee rostliny dostanou pot\u0159ebnou p\u00e9\u010di.<\/p>\n\n\n\n<h2 class=\"wp-block-heading\">Posezen\u00ed a relaxace<\/h2>\n\n\n\n<p>Zahrada by m\u011bla b\u00fdt m\u00edstem odpo\u010dinku. Terasa, lavi\u010dka nebo houpac\u00ed s\u00ed\u0165 umo\u017en\u00ed relaxaci a tr\u00e1ven\u00ed \u010dasu venku. P\u0159idejte st\u00edn, nap\u0159\u00edklad pergolu nebo stromy, pro pohodln\u00e9 posezen\u00ed i v hork\u00fdch dnech.<\/p>\n\n\n\n<h2 class=\"wp-block-heading\">Dekorace a detaily<\/h2>\n\n\n\n<p>Drobn\u00e9 dekorace, zahradn\u00ed osv\u011btlen\u00ed, kamenn\u00e9 cesti\u010dky nebo font\u00e1nky zv\u00fdrazn\u00ed charakter zahrady. Dbejte na to, aby dekorace ladily s celkov\u00fdm stylem a nep\u0159epl\u0148ovaly prostor.<\/p>\n\n\n\n<h2 class=\"wp-block-heading\">Z\u00e1v\u011br<\/h2>\n\n\n\n<p>Zahrada m\u016f\u017ee b\u00fdt kr\u00e1sn\u00e1, funk\u010dn\u00ed a m\u00edstem pro odpo\u010dinek. Promy\u0161len\u00e9 pl\u00e1nov\u00e1n\u00ed, spr\u00e1vn\u00fd v\u00fdb\u011br rostlin, p\u00e9\u010de o tr\u00e1vn\u00edk a voda, pohodln\u00e9 posezen\u00ed a dekorativn\u00ed prvky p\u0159em\u011bn\u00ed prostor na harmonick\u00e9 a inspirativn\u00ed m\u00edsto, kam se budete r\u00e1di vracet.<\/p>\n","protected":false},"excerpt":{"rendered":"<p>Zahrada nen\u00ed jen m\u00edstem pro kv\u011btiny a tr\u00e1vn\u00edk. Je to prostor, kde m\u016f\u017eete odpo\u010d\u00edvat, p\u011bstovat rostliny, zeleninu nebo bylinky a z\u00e1rove\u0148 vyu\u017e\u00edt&hellip;<\/p>\n","protected":false},"author":2,"featured_media":952,"comment_status":"open","ping_status":"open","sticky":false,"template":"","format":"standard","meta":{"_lmt_disableupdate":"","_lmt_disable":"","footnotes":""},"categories":[24],"tags":[],"class_list":["post-951","post","type-post","status-publish","format-standard","has-post-thumbnail","hentry","category-zahrada"],"_links":{"self":[{"href":"https:\/\/www.zahrada-bydleni.cz\/index.php?rest_route=\/wp\/v2\/posts\/951","targetHints":{"allow":["GET"]}}],"collection":[{"href":"https:\/\/www.zahrada-bydleni.cz\/index.php?rest_route=\/wp\/v2\/posts"}],"about":[{"href":"https:\/\/www.zahrada-bydleni.cz\/index.php?rest_route=\/wp\/v2\/types\/post"}],"author":[{"embeddable":true,"href":"https:\/\/www.zahrada-bydleni.cz\/index.php?rest_route=\/wp\/v2\/users\/2"}],"replies":[{"embeddable":true,"href":"https:\/\/www.zahrada-bydleni.cz\/index.php?rest_route=%2Fwp%2Fv2%2Fcomments&post=951"}],"version-history":[{"count":1,"href":"https:\/\/www.zahrada-bydleni.cz\/index.php?rest_route=\/wp\/v2\/posts\/951\/revisions"}],"predecessor-version":[{"id":953,"href":"https:\/\/www.zahrada-bydleni.cz\/index.php?rest_route=\/wp\/v2\/posts\/951\/revisions\/953"}],"wp:featuredmedia":[{"embeddable":true,"href":"https:\/\/www.zahrada-bydleni.cz\/index.php?rest_route=\/wp\/v2\/media\/952"}],"wp:attachment":[{"href":"https:\/\/www.zahrada-bydleni.cz\/index.php?rest_route=%2Fwp%2Fv2%2Fmedia&parent=951"}],"wp:term":[{"taxonomy":"category","embeddable":true,"href":"https:\/\/www.zahrada-bydleni.cz\/index.php?rest_route=%2Fwp%2Fv2%2Fcategories&post=951"},{"taxonomy":"post_tag","embeddable":true,"href":"https:\/\/www.zahrada-bydleni.cz\/index.php?rest_route=%2Fwp%2Fv2%2Ftags&post=951"}],"curies":[{"name":"wp","href":"https:\/\/api.w.org\/{rel}","templated":true}]}}