{"id":948,"date":"2026-02-13T20:19:26","date_gmt":"2026-02-13T19:19:26","guid":{"rendered":"https:\/\/www.zahrada-bydleni.cz\/?p=948"},"modified":"2026-02-13T20:19:28","modified_gmt":"2026-02-13T19:19:28","slug":"bydleni-v-bytech-tipy-pro-komfortni-a-prakticky-domov","status":"publish","type":"post","link":"https:\/\/www.zahrada-bydleni.cz\/?p=948","title":{"rendered":"Bydlen\u00ed v bytech: tipy pro komfortn\u00ed a praktick\u00fd domov"},"content":{"rendered":"\n<p>Bytov\u00e9 bydlen\u00ed je v dne\u0161n\u00ed dob\u011b velmi obl\u00edben\u00e9, zejm\u00e9na ve m\u011bstech. I men\u0161\u00ed prostor m\u016f\u017ee b\u00fdt pohodln\u00fd, funk\u010dn\u00ed a \u00fatuln\u00fd, pokud je spr\u00e1vn\u011b za\u0159\u00edzen a promy\u0161len\u011b vyu\u017eit.<\/p>\n\n\n\n<h2 class=\"wp-block-heading\">Efektivn\u00ed vyu\u017eit\u00ed prostoru<\/h2>\n\n\n\n<p>V mal\u00fdch bytech je kl\u00ed\u010dov\u00e9 vyu\u017e\u00edt ka\u017ed\u00fd centimetr. Multifunk\u010dn\u00ed n\u00e1bytek, vestav\u011bn\u00e9 sk\u0159\u00edn\u011b nebo \u00falo\u017en\u00e9 boxy pom\u00e1haj\u00ed udr\u017eet po\u0159\u00e1dek a prostor nezmen\u0161uj\u00ed. Minimalistick\u00fd p\u0159\u00edstup a eliminace zbyte\u010dnost\u00ed podporuj\u00ed vzdu\u0161nost a pocit volnosti.<\/p>\n\n\n\n<h2 class=\"wp-block-heading\">Sv\u011btl\u00e9 barvy a dostatek sv\u011btla<\/h2>\n\n\n\n<p>Sv\u011btl\u00e9 barvy st\u011bn, podlah a n\u00e1bytku opticky zv\u011bt\u0161uj\u00ed prostor. P\u0159irozen\u00e9 sv\u011btlo je d\u016fle\u017eit\u00e9 \u2013 okna nezakr\u00fdvejte t\u011b\u017ek\u00fdmi z\u00e1v\u011bsy. Kombinace hlavn\u00edho osv\u011btlen\u00ed a dopl\u0148kov\u00fdch lamp vytv\u00e1\u0159\u00ed \u00fatulnou a p\u0159\u00edjemnou atmosf\u00e9ru.<\/p>\n\n\n\n<h2 class=\"wp-block-heading\">Vytvo\u0159en\u00ed funk\u010dn\u00edch z\u00f3n<\/h2>\n\n\n\n<p>I mal\u00fd byt lze rozd\u011blit na z\u00f3ny pro pr\u00e1ci, odpo\u010dinek a spole\u010densk\u00e9 aktivity. Koberce, parav\u00e1ny, n\u00e1bytek nebo sv\u011btlo pom\u00e1haj\u00ed opticky odd\u011blit jednotliv\u00e9 \u010d\u00e1sti bytu a udr\u017eet po\u0159\u00e1dek.<\/p>\n\n\n\n<h2 class=\"wp-block-heading\">Komfort a ergonomie<\/h2>\n\n\n\n<p>Pohodln\u00e1 sedac\u00ed souprava, kvalitn\u00ed matrace a ergonomicky \u0159e\u0161en\u00e9 pracovn\u00ed m\u00edsto zvy\u0161uj\u00ed komfort a podporuj\u00ed zdrav\u00ed. Spr\u00e1vn\u011b rozm\u00edst\u011bn\u00fd n\u00e1bytek umo\u017e\u0148uje voln\u00fd pohyb a praktick\u00e9 vyu\u017eit\u00ed bytu.<\/p>\n\n\n\n<h2 class=\"wp-block-heading\">Dekorace a osobn\u00ed dotek<\/h2>\n\n\n\n<p>Rostliny, obrazy, textilie a drobn\u00e9 dopl\u0148ky dod\u00e1vaj\u00ed bytu charakter a teplo domova. Je d\u016fle\u017eit\u00e9 zachovat rovnov\u00e1hu, aby prostor nep\u016fsobil p\u0159epln\u011bn\u011b a z\u016fstal vzdu\u0161n\u00fd.<\/p>\n\n\n\n<h2 class=\"wp-block-heading\">Spolupr\u00e1ce se sousedy<\/h2>\n\n\n\n<p>V bytov\u00e9m dom\u011b je tolerance a ohleduplnost k soused\u016fm nezbytn\u00e1. Dobr\u00e9 vztahy p\u0159isp\u00edvaj\u00ed k p\u0159\u00edjemn\u00e9mu a bezpe\u010dn\u00e9mu bydlen\u00ed.<\/p>\n\n\n\n<h2 class=\"wp-block-heading\">Z\u00e1v\u011br<\/h2>\n\n\n\n<p>Byt m\u016f\u017ee b\u00fdt pohodln\u00fdm, praktick\u00fdm a \u00fatuln\u00fdm domovem. S efektivn\u00edm vyu\u017eit\u00edm prostoru, sv\u011btl\u00fdmi barvami, dostatkem sv\u011btla, ergonomick\u00fdm n\u00e1bytkem a osobn\u00edmi detaily se i men\u0161\u00ed byt prom\u011bn\u00ed v funk\u010dn\u00ed a p\u0159\u00edjemn\u00e9 m\u00edsto k \u017eivotu.<\/p>\n","protected":false},"excerpt":{"rendered":"<p>Bytov\u00e9 bydlen\u00ed je v dne\u0161n\u00ed dob\u011b velmi obl\u00edben\u00e9, zejm\u00e9na ve m\u011bstech. I men\u0161\u00ed prostor m\u016f\u017ee b\u00fdt pohodln\u00fd, funk\u010dn\u00ed a \u00fatuln\u00fd, pokud je&hellip;<\/p>\n","protected":false},"author":2,"featured_media":949,"comment_status":"open","ping_status":"open","sticky":false,"template":"","format":"standard","meta":{"_lmt_disableupdate":"","_lmt_disable":"","footnotes":""},"categories":[1],"tags":[],"class_list":["post-948","post","type-post","status-publish","format-standard","has-post-thumbnail","hentry","category-rady-a-navody"],"_links":{"self":[{"href":"https:\/\/www.zahrada-bydleni.cz\/index.php?rest_route=\/wp\/v2\/posts\/948","targetHints":{"allow":["GET"]}}],"collection":[{"href":"https:\/\/www.zahrada-bydleni.cz\/index.php?rest_route=\/wp\/v2\/posts"}],"about":[{"href":"https:\/\/www.zahrada-bydleni.cz\/index.php?rest_route=\/wp\/v2\/types\/post"}],"author":[{"embeddable":true,"href":"https:\/\/www.zahrada-bydleni.cz\/index.php?rest_route=\/wp\/v2\/users\/2"}],"replies":[{"embeddable":true,"href":"https:\/\/www.zahrada-bydleni.cz\/index.php?rest_route=%2Fwp%2Fv2%2Fcomments&post=948"}],"version-history":[{"count":1,"href":"https:\/\/www.zahrada-bydleni.cz\/index.php?rest_route=\/wp\/v2\/posts\/948\/revisions"}],"predecessor-version":[{"id":950,"href":"https:\/\/www.zahrada-bydleni.cz\/index.php?rest_route=\/wp\/v2\/posts\/948\/revisions\/950"}],"wp:featuredmedia":[{"embeddable":true,"href":"https:\/\/www.zahrada-bydleni.cz\/index.php?rest_route=\/wp\/v2\/media\/949"}],"wp:attachment":[{"href":"https:\/\/www.zahrada-bydleni.cz\/index.php?rest_route=%2Fwp%2Fv2%2Fmedia&parent=948"}],"wp:term":[{"taxonomy":"category","embeddable":true,"href":"https:\/\/www.zahrada-bydleni.cz\/index.php?rest_route=%2Fwp%2Fv2%2Fcategories&post=948"},{"taxonomy":"post_tag","embeddable":true,"href":"https:\/\/www.zahrada-bydleni.cz\/index.php?rest_route=%2Fwp%2Fv2%2Ftags&post=948"}],"curies":[{"name":"wp","href":"https:\/\/api.w.org\/{rel}","templated":true}]}}