{"id":945,"date":"2026-02-13T20:18:08","date_gmt":"2026-02-13T19:18:08","guid":{"rendered":"https:\/\/www.zahrada-bydleni.cz\/?p=945"},"modified":"2026-02-13T20:18:10","modified_gmt":"2026-02-13T19:18:10","slug":"bydleni-v-bytech-jak-vytvorit-utulny-a-funkcni-domov","status":"publish","type":"post","link":"https:\/\/www.zahrada-bydleni.cz\/?p=945","title":{"rendered":"Bydlen\u00ed v bytech: jak vytvo\u0159it \u00fatuln\u00fd a funk\u010dn\u00ed domov"},"content":{"rendered":"\n<p>Bytov\u00e9 bydlen\u00ed je dnes b\u011b\u017enou volbou pro mnoho lid\u00ed. I mal\u00fd byt m\u016f\u017ee b\u00fdt pohodln\u00fd, praktick\u00fd a esteticky p\u0159\u00edjemn\u00fd, pokud je dob\u0159e za\u0159\u00edzen a promy\u0161len\u011b vyu\u017eit prostor.<\/p>\n\n\n\n<h2 class=\"wp-block-heading\">Chytr\u00e9 vyu\u017eit\u00ed prostoru<\/h2>\n\n\n\n<p>Ka\u017ed\u00fd centimetr bytu se po\u010d\u00edt\u00e1. Multifunk\u010dn\u00ed n\u00e1bytek, vestav\u011bn\u00e9 sk\u0159\u00edn\u011b a \u00falo\u017en\u00e9 boxy pom\u00e1haj\u00ed udr\u017eet po\u0159\u00e1dek a prostor nezmen\u0161uj\u00ed. Minimalismus a eliminace zbyte\u010dnost\u00ed podporuj\u00ed vzdu\u0161nost a pocit volnosti.<\/p>\n\n\n\n<h2 class=\"wp-block-heading\">Sv\u011btl\u00e9 barvy a sv\u011btlo<\/h2>\n\n\n\n<p>Sv\u011btl\u00e9 barvy st\u011bn, podlah a n\u00e1bytku opticky zv\u011bt\u0161uj\u00ed prostor. P\u0159irozen\u00e9 sv\u011btlo je velmi d\u016fle\u017eit\u00e9 \u2013 okna nezakr\u00fdvejte t\u011b\u017ek\u00fdmi z\u00e1v\u011bsy. Dopl\u0148kov\u00e9 osv\u011btlen\u00ed, lampy a LED p\u00e1sky nav\u00edc vytvo\u0159\u00ed \u00fatulnou a p\u0159\u00edjemnou atmosf\u00e9ru.<\/p>\n\n\n\n<h2 class=\"wp-block-heading\">Vytvo\u0159en\u00ed funk\u010dn\u00edch z\u00f3n<\/h2>\n\n\n\n<p>I mal\u00fd byt lze rozd\u011blit na z\u00f3ny pro pr\u00e1ci, odpo\u010dinek a spole\u010densk\u00e9 aktivity. Koberce, parav\u00e1ny, n\u00e1bytek nebo sv\u011btlo pom\u00e1haj\u00ed vizu\u00e1ln\u011b odd\u011blit jednotliv\u00e9 \u010d\u00e1sti bytu a udr\u017eet po\u0159\u00e1dek.<\/p>\n\n\n\n<h2 class=\"wp-block-heading\">Komfort a ergonomie<\/h2>\n\n\n\n<p>Pohodln\u00e1 sedac\u00ed souprava, kvalitn\u00ed matrace a ergonomicky \u0159e\u0161en\u00e9 pracovn\u00ed m\u00edsto zvy\u0161uj\u00ed komfort a podporuj\u00ed zdrav\u00ed. Spr\u00e1vn\u00e9 rozm\u00edst\u011bn\u00ed n\u00e1bytku umo\u017e\u0148uje voln\u00fd pohyb a praktick\u00e9 vyu\u017eit\u00ed bytu.<\/p>\n\n\n\n<h2 class=\"wp-block-heading\">Dekorace a osobn\u00ed dotek<\/h2>\n\n\n\n<p>Rostliny, obrazy, textilie a dopl\u0148ky dod\u00e1vaj\u00ed bytu charakter a teplo domova. Je d\u016fle\u017eit\u00e9 zachovat rovnov\u00e1hu, aby prostor nep\u016fsobil p\u0159epln\u011bn\u011b a z\u016fstal vzdu\u0161n\u00fd.<\/p>\n\n\n\n<h2 class=\"wp-block-heading\">Spolupr\u00e1ce se sousedy<\/h2>\n\n\n\n<p>V bytov\u00fdch domech je tolerance a ohleduplnost k soused\u016fm nezbytn\u00e1. Dobr\u00e9 vztahy s lidmi v okol\u00ed p\u0159isp\u00edvaj\u00ed k p\u0159\u00edjemn\u00e9mu a bezpe\u010dn\u00e9mu bydlen\u00ed.<\/p>\n\n\n\n<h2 class=\"wp-block-heading\">Z\u00e1v\u011br<\/h2>\n\n\n\n<p>Byt m\u016f\u017ee b\u00fdt pohodln\u00fdm, praktick\u00fdm a \u00fatuln\u00fdm domovem. Efektivn\u00ed vyu\u017eit\u00ed prostoru, sv\u011btl\u00e9 barvy, dostatek sv\u011btla, ergonomie a osobn\u00ed dekorace prom\u011bn\u00ed i men\u0161\u00ed byt v p\u0159\u00edjemn\u00e9 a funk\u010dn\u00ed m\u00edsto pro \u017eivot.<\/p>\n","protected":false},"excerpt":{"rendered":"<p>Bytov\u00e9 bydlen\u00ed je dnes b\u011b\u017enou volbou pro mnoho lid\u00ed. I mal\u00fd byt m\u016f\u017ee b\u00fdt pohodln\u00fd, praktick\u00fd a esteticky p\u0159\u00edjemn\u00fd, pokud je dob\u0159e&hellip;<\/p>\n","protected":false},"author":2,"featured_media":946,"comment_status":"open","ping_status":"open","sticky":false,"template":"","format":"standard","meta":{"_lmt_disableupdate":"","_lmt_disable":"","footnotes":""},"categories":[1],"tags":[],"class_list":["post-945","post","type-post","status-publish","format-standard","has-post-thumbnail","hentry","category-rady-a-navody"],"_links":{"self":[{"href":"https:\/\/www.zahrada-bydleni.cz\/index.php?rest_route=\/wp\/v2\/posts\/945","targetHints":{"allow":["GET"]}}],"collection":[{"href":"https:\/\/www.zahrada-bydleni.cz\/index.php?rest_route=\/wp\/v2\/posts"}],"about":[{"href":"https:\/\/www.zahrada-bydleni.cz\/index.php?rest_route=\/wp\/v2\/types\/post"}],"author":[{"embeddable":true,"href":"https:\/\/www.zahrada-bydleni.cz\/index.php?rest_route=\/wp\/v2\/users\/2"}],"replies":[{"embeddable":true,"href":"https:\/\/www.zahrada-bydleni.cz\/index.php?rest_route=%2Fwp%2Fv2%2Fcomments&post=945"}],"version-history":[{"count":1,"href":"https:\/\/www.zahrada-bydleni.cz\/index.php?rest_route=\/wp\/v2\/posts\/945\/revisions"}],"predecessor-version":[{"id":947,"href":"https:\/\/www.zahrada-bydleni.cz\/index.php?rest_route=\/wp\/v2\/posts\/945\/revisions\/947"}],"wp:featuredmedia":[{"embeddable":true,"href":"https:\/\/www.zahrada-bydleni.cz\/index.php?rest_route=\/wp\/v2\/media\/946"}],"wp:attachment":[{"href":"https:\/\/www.zahrada-bydleni.cz\/index.php?rest_route=%2Fwp%2Fv2%2Fmedia&parent=945"}],"wp:term":[{"taxonomy":"category","embeddable":true,"href":"https:\/\/www.zahrada-bydleni.cz\/index.php?rest_route=%2Fwp%2Fv2%2Fcategories&post=945"},{"taxonomy":"post_tag","embeddable":true,"href":"https:\/\/www.zahrada-bydleni.cz\/index.php?rest_route=%2Fwp%2Fv2%2Ftags&post=945"}],"curies":[{"name":"wp","href":"https:\/\/api.w.org\/{rel}","templated":true}]}}