{"id":918,"date":"2026-02-13T20:00:38","date_gmt":"2026-02-13T19:00:38","guid":{"rendered":"https:\/\/www.zahrada-bydleni.cz\/?p=918"},"modified":"2026-02-13T20:00:42","modified_gmt":"2026-02-13T19:00:42","slug":"moderni-bydleni-v-bytech-trendy-a-prakticke-tipy","status":"publish","type":"post","link":"https:\/\/www.zahrada-bydleni.cz\/?p=918","title":{"rendered":"Modern\u00ed bydlen\u00ed v bytech: trendy a praktick\u00e9 tipy"},"content":{"rendered":"\n<p>Bydlen\u00ed v bytech se v posledn\u00edch letech v\u00fdrazn\u011b m\u011bn\u00ed. Modern\u00ed byty nejsou jen m\u00edstem k p\u0159esp\u00e1n\u00ed, ale multifunk\u010dn\u00edm prostorem, kde se kombinuje pohodl\u00ed, design a efektivita. P\u0159in\u00e1\u0161\u00edme p\u0159ehled trend\u016f a praktick\u00fdch tip\u016f, jak si z bytu ud\u011blat skute\u010dn\u00fd domov.<\/p>\n\n\n\n<h2 class=\"wp-block-heading\">Trendy v modern\u00edch bytech<\/h2>\n\n\n\n<p><strong>1. Otev\u0159en\u00e9 dispozice<\/strong><br>Kuchyn\u011b spojen\u00e1 s ob\u00fdvac\u00edm pokojem, minimum zd\u00ed a p\u0159\u00ed\u010dek \u2013 otev\u0159en\u00fd prostor p\u016fsob\u00ed vzdu\u0161n\u011b a umo\u017e\u0148uje flexibiln\u00ed vyu\u017eit\u00ed.<\/p>\n\n\n\n<p><strong>2. Multifunk\u010dn\u00ed n\u00e1bytek<\/strong><br>Rozkl\u00e1dac\u00ed pohovky, skl\u00e1dac\u00ed stoly nebo postele s \u00falo\u017en\u00fdm prostorem \u0161et\u0159\u00ed m\u00edsto a p\u0159izp\u016fsobuj\u00ed byt r\u016fzn\u00fdm pot\u0159eb\u00e1m.<\/p>\n\n\n\n<p><strong>3. Minimalismus a po\u0159\u00e1dek<\/strong><br>St\u00e1le popul\u00e1rn\u00ed je minimalistick\u00fd design \u2013 m\u00e9n\u011b n\u00e1bytku, neutr\u00e1ln\u00ed barvy a \u010dist\u00e9 linie. To podporuje pocit klidu a v\u011bt\u0161\u00ed prostor.<\/p>\n\n\n\n<p><strong>4. Technologie a chytr\u00e1 dom\u00e1cnost<\/strong><br>Modern\u00ed byty \u010dasto nab\u00edzej\u00ed inteligentn\u00ed ovl\u00e1d\u00e1n\u00ed sv\u011btel, topen\u00ed nebo zabezpe\u010den\u00ed. Technologie zvy\u0161uje komfort a \u0161et\u0159\u00ed \u010das.<\/p>\n\n\n\n<p><strong>5. Udr\u017eitelnost<\/strong><br>Energeticky \u00fasporn\u00e9 spot\u0159ebi\u010de, LED osv\u011btlen\u00ed, ekologick\u00e9 materi\u00e1ly a recyklace jsou dnes standardem modern\u00edho bydlen\u00ed.<\/p>\n\n\n\n<h2 class=\"wp-block-heading\">Praktick\u00e9 tipy pro \u00fatuln\u00fd byt<\/h2>\n\n\n\n<p><strong>Optimalizujte \u00falo\u017en\u00e9 prostory<\/strong>&nbsp;\u2013 vyu\u017eijte st\u011bny, vestav\u011bn\u00e9 sk\u0159\u00edn\u011b a n\u00e1bytek na m\u00edru. Po\u0159\u00e1dek udr\u017euje prostor vzdu\u0161n\u00fd a p\u0159\u00edjemn\u00fd.<\/p>\n\n\n\n<p><strong>Hrajte si s osv\u011btlen\u00edm<\/strong>&nbsp;\u2013 kombinace hlavn\u00edho osv\u011btlen\u00ed, stojac\u00edch lamp a LED p\u00e1sk\u016f vytvo\u0159\u00ed \u00fatulnou atmosf\u00e9ru a opticky zv\u011bt\u0161\u00ed m\u00edstnost.<\/p>\n\n\n\n<p><strong>P\u0159idejte p\u0159\u00edrodn\u00ed prvky<\/strong>&nbsp;\u2013 rostliny, d\u0159ev\u011bn\u00e9 dopl\u0148ky nebo textilie z p\u0159\u00edrodn\u00edch materi\u00e1l\u016f zvy\u0161uj\u00ed pocit tepla a pohody.<\/p>\n\n\n\n<p><strong>Barevn\u00e1 harmonie<\/strong>&nbsp;\u2013 sv\u011btl\u00e9 barvy opticky zv\u011bt\u0161uj\u00ed prostor, v\u00fdrazn\u00e9 dopl\u0148ky dodaj\u00ed charakter.<\/p>\n\n\n\n<p><strong>Vytvo\u0159te z\u00f3ny<\/strong>&nbsp;\u2013 i v mal\u00e9m byt\u011b lze vymezit pracovn\u00ed, odpo\u010dinkovou a spole\u010denskou \u010d\u00e1st pomoc\u00ed n\u00e1bytku, koberc\u016f nebo osv\u011btlen\u00ed.<\/p>\n\n\n\n<h2 class=\"wp-block-heading\">V\u00fdhody modern\u00edho bytov\u00e9ho bydlen\u00ed<\/h2>\n\n\n\n<p>Byty nab\u00edzej\u00ed dostupnost do centra m\u011bst, bl\u00edzkost slu\u017eeb a snadnou \u00fadr\u017ebu. Mal\u00e9 dispozice podporuj\u00ed efektivitu a umo\u017e\u0148uj\u00ed rychlej\u0161\u00ed \u00faklid a organizaci.<\/p>\n\n\n\n<h2 class=\"wp-block-heading\">Z\u00e1v\u011br<\/h2>\n\n\n\n<p>Modern\u00ed bydlen\u00ed v bytech nab\u00edz\u00ed kombinaci komfortu, prakti\u010dnosti a stylu. S vyu\u017eit\u00edm modern\u00edch trend\u016f a praktick\u00fdch tip\u016f lze i men\u0161\u00ed prostor prom\u011bnit v \u00fatuln\u00fd, funk\u010dn\u00ed a inspirativn\u00ed domov, kde se dob\u0159e \u017eije i pracuje.<\/p>\n","protected":false},"excerpt":{"rendered":"<p>Bydlen\u00ed v bytech se v posledn\u00edch letech v\u00fdrazn\u011b m\u011bn\u00ed. Modern\u00ed byty nejsou jen m\u00edstem k p\u0159esp\u00e1n\u00ed, ale multifunk\u010dn\u00edm prostorem, kde se kombinuje&hellip;<\/p>\n","protected":false},"author":2,"featured_media":919,"comment_status":"open","ping_status":"open","sticky":false,"template":"","format":"standard","meta":{"_lmt_disableupdate":"","_lmt_disable":"","footnotes":""},"categories":[1],"tags":[],"class_list":["post-918","post","type-post","status-publish","format-standard","has-post-thumbnail","hentry","category-rady-a-navody"],"_links":{"self":[{"href":"https:\/\/www.zahrada-bydleni.cz\/index.php?rest_route=\/wp\/v2\/posts\/918","targetHints":{"allow":["GET"]}}],"collection":[{"href":"https:\/\/www.zahrada-bydleni.cz\/index.php?rest_route=\/wp\/v2\/posts"}],"about":[{"href":"https:\/\/www.zahrada-bydleni.cz\/index.php?rest_route=\/wp\/v2\/types\/post"}],"author":[{"embeddable":true,"href":"https:\/\/www.zahrada-bydleni.cz\/index.php?rest_route=\/wp\/v2\/users\/2"}],"replies":[{"embeddable":true,"href":"https:\/\/www.zahrada-bydleni.cz\/index.php?rest_route=%2Fwp%2Fv2%2Fcomments&post=918"}],"version-history":[{"count":1,"href":"https:\/\/www.zahrada-bydleni.cz\/index.php?rest_route=\/wp\/v2\/posts\/918\/revisions"}],"predecessor-version":[{"id":920,"href":"https:\/\/www.zahrada-bydleni.cz\/index.php?rest_route=\/wp\/v2\/posts\/918\/revisions\/920"}],"wp:featuredmedia":[{"embeddable":true,"href":"https:\/\/www.zahrada-bydleni.cz\/index.php?rest_route=\/wp\/v2\/media\/919"}],"wp:attachment":[{"href":"https:\/\/www.zahrada-bydleni.cz\/index.php?rest_route=%2Fwp%2Fv2%2Fmedia&parent=918"}],"wp:term":[{"taxonomy":"category","embeddable":true,"href":"https:\/\/www.zahrada-bydleni.cz\/index.php?rest_route=%2Fwp%2Fv2%2Fcategories&post=918"},{"taxonomy":"post_tag","embeddable":true,"href":"https:\/\/www.zahrada-bydleni.cz\/index.php?rest_route=%2Fwp%2Fv2%2Ftags&post=918"}],"curies":[{"name":"wp","href":"https:\/\/api.w.org\/{rel}","templated":true}]}}