{"id":858,"date":"2026-02-12T19:55:56","date_gmt":"2026-02-12T18:55:56","guid":{"rendered":"https:\/\/www.zahrada-bydleni.cz\/?p=858"},"modified":"2026-02-12T19:55:58","modified_gmt":"2026-02-12T18:55:58","slug":"mindful-lifestyle-vedomy-zivot-v-pritomnem-okamziku","status":"publish","type":"post","link":"https:\/\/www.zahrada-bydleni.cz\/?p=858","title":{"rendered":"Mindful lifestyle: V\u011bdom\u00fd \u017eivot v p\u0159\u00edtomn\u00e9m okam\u017eiku"},"content":{"rendered":"\n<p>V dob\u011b neust\u00e1l\u00e9ho sp\u011bchu a informa\u010dn\u00edho zahlcen\u00ed se st\u00e1le v\u00edce lid\u00ed obrac\u00ed k mindfulness, tedy v\u011bdom\u00e9mu pro\u017e\u00edv\u00e1n\u00ed p\u0159\u00edtomnosti. Mindful lifestyle nen\u00ed o dokonalosti ani o z\u00e1sadn\u00edch \u017eivotn\u00edch zm\u011bn\u00e1ch. Je o schopnosti zastavit se, vn\u00edmat sv\u00e9 my\u0161lenky, emoce i okoln\u00ed sv\u011bt bez posuzov\u00e1n\u00ed a zbyte\u010dn\u00e9ho tlaku.<\/p>\n\n\n\n<h2 class=\"wp-block-heading\">S\u00edla p\u0159\u00edtomn\u00e9ho okam\u017eiku<\/h2>\n\n\n\n<p>\u010casto \u017eijeme bu\u010f v minulosti, nebo v budoucnosti. P\u0159em\u00fd\u0161l\u00edme nad t\u00edm, co bylo, nebo se ob\u00e1v\u00e1me toho, co p\u0159ijde. Mindfulness n\u00e1s u\u010d\u00ed soust\u0159edit se na to, co se d\u011bje pr\u00e1v\u011b te\u010f. M\u016f\u017ee to b\u00fdt v\u011bdom\u00e9 d\u00fdch\u00e1n\u00ed, pomal\u00e1 ch\u016fze nebo pln\u00e9 soust\u0159ed\u011bn\u00ed na rozhovor s druh\u00fdm \u010dlov\u011bkem.<\/p>\n\n\n\n<h2 class=\"wp-block-heading\">V\u011bdom\u00e9 ka\u017edodenn\u00ed n\u00e1vyky<\/h2>\n\n\n\n<p>Mindful lifestyle lze praktikovat v b\u011b\u017en\u00fdch situac\u00edch \u2013 p\u0159i j\u00eddle, pr\u00e1ci i odpo\u010dinku. Znamen\u00e1 to nev\u011bnovat se n\u011bkolika v\u011bcem najednou, ale b\u00fdt pln\u011b p\u0159\u00edtomn\u00ed u jedn\u00e9 \u010dinnosti. V\u011bdom\u00e9 stravov\u00e1n\u00ed nap\u0159\u00edklad pom\u00e1h\u00e1 lep\u0161\u00edmu tr\u00e1ven\u00ed i v\u011bt\u0161\u00edmu po\u017eitku z j\u00eddla.<\/p>\n\n\n\n<h2 class=\"wp-block-heading\">Pr\u00e1ce se stresem<\/h2>\n\n\n\n<p>Pravideln\u00e1 mindfulness praxe pom\u00e1h\u00e1 sni\u017eovat stres a zlep\u0161ovat koncentraci. Jednoduch\u00e9 dechov\u00e9 techniky nebo kr\u00e1tk\u00e1 meditace mohou v\u00fdrazn\u011b ovlivnit kvalitu dne. V\u011bdom\u00fd p\u0159\u00edstup k emoc\u00edm tak\u00e9 podporuje lep\u0161\u00ed zvl\u00e1d\u00e1n\u00ed n\u00e1ro\u010dn\u00fdch situac\u00ed.<\/p>\n\n\n\n<h2 class=\"wp-block-heading\">Vztahy a komunikace<\/h2>\n\n\n\n<p>Kdy\u017e jsme skute\u010dn\u011b p\u0159\u00edtomn\u00ed, zlep\u0161uje se i kvalita na\u0161ich vztah\u016f. Aktivn\u00ed naslouch\u00e1n\u00ed a empatie posiluj\u00ed d\u016fv\u011bru a porozum\u011bn\u00ed. Mindful lifestyle tak p\u0159in\u00e1\u0161\u00ed harmonii nejen do na\u0161eho nitra, ale i do mezilidsk\u00fdch vztah\u016f.<\/p>\n\n\n\n<h2 class=\"wp-block-heading\">Z\u00e1v\u011br<\/h2>\n\n\n\n<p>V\u011bdom\u00fd \u017eivotn\u00ed styl n\u00e1s u\u010d\u00ed zpomalit a v\u00edce si v\u00e1\u017eit okam\u017eik\u016f, kter\u00e9 by jinak snadno unikly. Mindfulness nen\u00ed slo\u017eit\u00e1 technika, ale jednoduch\u00fd p\u0159\u00edstup k \u017eivotu, kter\u00fd p\u0159in\u00e1\u0161\u00ed klid, rovnov\u00e1hu a hlub\u0161\u00ed spokojenost.<\/p>\n","protected":false},"excerpt":{"rendered":"<p>V dob\u011b neust\u00e1l\u00e9ho sp\u011bchu a informa\u010dn\u00edho zahlcen\u00ed se st\u00e1le v\u00edce lid\u00ed obrac\u00ed k mindfulness, tedy v\u011bdom\u00e9mu pro\u017e\u00edv\u00e1n\u00ed p\u0159\u00edtomnosti. Mindful lifestyle nen\u00ed o&hellip;<\/p>\n","protected":false},"author":2,"featured_media":859,"comment_status":"open","ping_status":"open","sticky":false,"template":"","format":"standard","meta":{"_lmt_disableupdate":"","_lmt_disable":"","footnotes":""},"categories":[19],"tags":[],"class_list":["post-858","post","type-post","status-publish","format-standard","has-post-thumbnail","hentry","category-lifestyle"],"_links":{"self":[{"href":"https:\/\/www.zahrada-bydleni.cz\/index.php?rest_route=\/wp\/v2\/posts\/858","targetHints":{"allow":["GET"]}}],"collection":[{"href":"https:\/\/www.zahrada-bydleni.cz\/index.php?rest_route=\/wp\/v2\/posts"}],"about":[{"href":"https:\/\/www.zahrada-bydleni.cz\/index.php?rest_route=\/wp\/v2\/types\/post"}],"author":[{"embeddable":true,"href":"https:\/\/www.zahrada-bydleni.cz\/index.php?rest_route=\/wp\/v2\/users\/2"}],"replies":[{"embeddable":true,"href":"https:\/\/www.zahrada-bydleni.cz\/index.php?rest_route=%2Fwp%2Fv2%2Fcomments&post=858"}],"version-history":[{"count":1,"href":"https:\/\/www.zahrada-bydleni.cz\/index.php?rest_route=\/wp\/v2\/posts\/858\/revisions"}],"predecessor-version":[{"id":860,"href":"https:\/\/www.zahrada-bydleni.cz\/index.php?rest_route=\/wp\/v2\/posts\/858\/revisions\/860"}],"wp:featuredmedia":[{"embeddable":true,"href":"https:\/\/www.zahrada-bydleni.cz\/index.php?rest_route=\/wp\/v2\/media\/859"}],"wp:attachment":[{"href":"https:\/\/www.zahrada-bydleni.cz\/index.php?rest_route=%2Fwp%2Fv2%2Fmedia&parent=858"}],"wp:term":[{"taxonomy":"category","embeddable":true,"href":"https:\/\/www.zahrada-bydleni.cz\/index.php?rest_route=%2Fwp%2Fv2%2Fcategories&post=858"},{"taxonomy":"post_tag","embeddable":true,"href":"https:\/\/www.zahrada-bydleni.cz\/index.php?rest_route=%2Fwp%2Fv2%2Ftags&post=858"}],"curies":[{"name":"wp","href":"https:\/\/api.w.org\/{rel}","templated":true}]}}