{"id":817,"date":"2026-02-10T19:48:14","date_gmt":"2026-02-10T18:48:14","guid":{"rendered":"https:\/\/www.zahrada-bydleni.cz\/?p=817"},"modified":"2026-02-10T19:48:16","modified_gmt":"2026-02-10T18:48:16","slug":"bydleni-jako-misto-klidu-a-pohody","status":"publish","type":"post","link":"https:\/\/www.zahrada-bydleni.cz\/?p=817","title":{"rendered":"Bydlen\u00ed jako m\u00edsto klidu a pohody"},"content":{"rendered":"\n<p>Bydlen\u00ed je jedn\u00edm z nejd\u016fle\u017eit\u011bj\u0161\u00edch aspekt\u016f \u017eivota, proto\u017ee ovliv\u0148uje na\u0161e zdrav\u00ed, psychickou pohodu i ka\u017edodenn\u00ed fungov\u00e1n\u00ed. Domov je prostorem, kde odpo\u010d\u00edv\u00e1me, tr\u00e1v\u00edme \u010das s rodinou a p\u0159\u00e1teli a na\u010derp\u00e1v\u00e1me energii do dal\u0161\u00edch dn\u00ed. Kvalitn\u00ed bydlen\u00ed p\u0159isp\u00edv\u00e1 k rovnov\u00e1ze mezi pracovn\u00edm a osobn\u00edm \u017eivotem a podporuje celkovou spokojenost.<\/p>\n\n\n\n<p>Funk\u010dn\u00ed uspo\u0159\u00e1d\u00e1n\u00ed interi\u00e9ru je kl\u00ed\u010dov\u00e9 pro pohodln\u00e9 bydlen\u00ed. Logick\u00e9 rozm\u00edst\u011bn\u00ed m\u00edstnost\u00ed, dostatek \u00falo\u017en\u00e9ho prostoru a dob\u0159e definovan\u00e9 z\u00f3ny pro pr\u00e1ci, odpo\u010dinek a spole\u010densk\u00e9 aktivity usnad\u0148uj\u00ed ka\u017edodenn\u00ed \u017eivot. Takov\u00fd prostor sni\u017euje chaos a p\u0159in\u00e1\u0161\u00ed pocit po\u0159\u00e1dku a harmonie.<\/p>\n\n\n\n<p>Sv\u011btlo, vzduch a barvy maj\u00ed z\u00e1sadn\u00ed vliv na atmosf\u00e9ru bydlen\u00ed. P\u0159irozen\u00e9 denn\u00ed sv\u011btlo podporuje energii a soust\u0159ed\u011bn\u00ed, pravideln\u00e9 v\u011btr\u00e1n\u00ed zaji\u0161\u0165uje zdrav\u00e9 prost\u0159ed\u00ed a vhodn\u011b zvolen\u00e9 barvy a materi\u00e1ly dod\u00e1vaj\u00ed prostoru \u00fatulnost a pohodl\u00ed.<\/p>\n\n\n\n<p>Modern\u00ed bydlen\u00ed se st\u00e1le v\u00edce zam\u011b\u0159uje na udr\u017eitelnost. Energeticky \u00fasporn\u00e9 spot\u0159ebi\u010de, kvalitn\u00ed izolace a ekologick\u00e9 materi\u00e1ly sni\u017euj\u00ed n\u00e1klady a z\u00e1rove\u0148 chr\u00e1n\u00ed \u017eivotn\u00ed prost\u0159ed\u00ed. Tyto prvky p\u0159isp\u00edvaj\u00ed k dlouhodob\u00e9mu komfortu a spokojenosti obyvatel.<\/p>\n\n\n\n<p>Domov je tak\u00e9 m\u00edstem, kde m\u016f\u017eeme vyj\u00e1d\u0159it svou osobnost. Dekorace, obl\u00edben\u00e9 barvy, rostliny nebo fotografie d\u00e1vaj\u00ed prostoru jedine\u010dn\u00fd charakter. Pr\u00e1v\u011b tyto detaily prom\u011b\u0148uj\u00ed oby\u010dejn\u00e9 bydlen\u00ed v m\u00edsto, kde se c\u00edt\u00edme bezpe\u010dn\u011b, pohodln\u011b a opravdu doma.<\/p>\n","protected":false},"excerpt":{"rendered":"<p>Bydlen\u00ed je jedn\u00edm z nejd\u016fle\u017eit\u011bj\u0161\u00edch aspekt\u016f \u017eivota, proto\u017ee ovliv\u0148uje na\u0161e zdrav\u00ed, psychickou pohodu i ka\u017edodenn\u00ed fungov\u00e1n\u00ed. Domov je prostorem, kde odpo\u010d\u00edv\u00e1me, tr\u00e1v\u00edme&hellip;<\/p>\n","protected":false},"author":2,"featured_media":818,"comment_status":"open","ping_status":"open","sticky":false,"template":"","format":"standard","meta":{"_lmt_disableupdate":"","_lmt_disable":"","footnotes":""},"categories":[21],"tags":[],"class_list":["post-817","post","type-post","status-publish","format-standard","has-post-thumbnail","hentry","category-bydleni"],"_links":{"self":[{"href":"https:\/\/www.zahrada-bydleni.cz\/index.php?rest_route=\/wp\/v2\/posts\/817","targetHints":{"allow":["GET"]}}],"collection":[{"href":"https:\/\/www.zahrada-bydleni.cz\/index.php?rest_route=\/wp\/v2\/posts"}],"about":[{"href":"https:\/\/www.zahrada-bydleni.cz\/index.php?rest_route=\/wp\/v2\/types\/post"}],"author":[{"embeddable":true,"href":"https:\/\/www.zahrada-bydleni.cz\/index.php?rest_route=\/wp\/v2\/users\/2"}],"replies":[{"embeddable":true,"href":"https:\/\/www.zahrada-bydleni.cz\/index.php?rest_route=%2Fwp%2Fv2%2Fcomments&post=817"}],"version-history":[{"count":1,"href":"https:\/\/www.zahrada-bydleni.cz\/index.php?rest_route=\/wp\/v2\/posts\/817\/revisions"}],"predecessor-version":[{"id":819,"href":"https:\/\/www.zahrada-bydleni.cz\/index.php?rest_route=\/wp\/v2\/posts\/817\/revisions\/819"}],"wp:featuredmedia":[{"embeddable":true,"href":"https:\/\/www.zahrada-bydleni.cz\/index.php?rest_route=\/wp\/v2\/media\/818"}],"wp:attachment":[{"href":"https:\/\/www.zahrada-bydleni.cz\/index.php?rest_route=%2Fwp%2Fv2%2Fmedia&parent=817"}],"wp:term":[{"taxonomy":"category","embeddable":true,"href":"https:\/\/www.zahrada-bydleni.cz\/index.php?rest_route=%2Fwp%2Fv2%2Fcategories&post=817"},{"taxonomy":"post_tag","embeddable":true,"href":"https:\/\/www.zahrada-bydleni.cz\/index.php?rest_route=%2Fwp%2Fv2%2Ftags&post=817"}],"curies":[{"name":"wp","href":"https:\/\/api.w.org\/{rel}","templated":true}]}}