{"id":814,"date":"2026-02-10T19:46:25","date_gmt":"2026-02-10T18:46:25","guid":{"rendered":"https:\/\/www.zahrada-bydleni.cz\/?p=814"},"modified":"2026-02-10T19:46:27","modified_gmt":"2026-02-10T18:46:27","slug":"bydleni-a-jeho-vyznam-pro-kazdodenni-zivot","status":"publish","type":"post","link":"https:\/\/www.zahrada-bydleni.cz\/?p=814","title":{"rendered":"Bydlen\u00ed a jeho v\u00fdznam pro ka\u017edodenn\u00ed \u017eivot"},"content":{"rendered":"\n<p>Bydlen\u00ed je v\u00edce ne\u017e jen m\u00edsto k p\u0159esp\u00e1n\u00ed \u2013 je to prostor, kter\u00fd ovliv\u0148uje na\u0161e ka\u017edodenn\u00ed fungov\u00e1n\u00ed, psychickou pohodu i kvalitu \u017eivota. Domov poskytuje z\u00e1zem\u00ed, klid a bezpe\u010d\u00ed, d\u00edky kter\u00e9mu m\u016f\u017eeme regenerovat s\u00edly a soust\u0159edit se na osobn\u00ed i pracovn\u00ed aktivity.<\/p>\n\n\n\n<p>D\u016fle\u017eit\u00fdm aspektem je spr\u00e1vn\u00e9 uspo\u0159\u00e1d\u00e1n\u00ed interi\u00e9ru. P\u0159ehledn\u00e9 rozm\u00edst\u011bn\u00ed m\u00edstnost\u00ed, dostatek \u00falo\u017en\u00e9ho prostoru a logick\u00e9 \u010dlen\u011bn\u00ed z\u00f3n usnad\u0148uje ka\u017edodenn\u00ed \u017eivot a podporuje po\u0159\u00e1dek. Funk\u010dn\u00ed prostor umo\u017e\u0148uje efektivn\u00ed vyu\u017eit\u00ed bytu \u010di domu a p\u0159in\u00e1\u0161\u00ed pocit harmonie.<\/p>\n\n\n\n<p>Sv\u011btlo a vzduch jsou kl\u00ed\u010dov\u00e9 pro komfort bydlen\u00ed. Dostatek p\u0159irozen\u00e9ho sv\u011btla podporuje energii a psychickou pohodu, zat\u00edmco kvalitn\u00ed v\u011btr\u00e1n\u00ed zaji\u0161\u0165uje zdrav\u00e9 prost\u0159ed\u00ed. P\u0159\u00edjemn\u00e9 materi\u00e1ly a barvy dod\u00e1vaj\u00ed interi\u00e9ru \u00fatulnost a podporuj\u00ed relaxaci.<\/p>\n\n\n\n<p>Sou\u010dasn\u00e9 trendy se zam\u011b\u0159uj\u00ed tak\u00e9 na udr\u017eitelnost. Energeticky \u00fasporn\u00e9 spot\u0159ebi\u010de, ekologick\u00e9 materi\u00e1ly a chytr\u00e9 dom\u00e1c\u00ed syst\u00e9my sni\u017euj\u00ed n\u00e1klady a \u0161et\u0159\u00ed \u017eivotn\u00ed prost\u0159ed\u00ed. Takov\u00e9 bydlen\u00ed p\u0159in\u00e1\u0161\u00ed dlouhodob\u00fd komfort a spokojenost obyvatel.<\/p>\n\n\n\n<p>Domov by m\u011bl b\u00fdt m\u00edstem, kde se \u010dlov\u011bk c\u00edt\u00ed bezpe\u010dn\u011b a pohodln\u011b. Osobn\u00ed dopl\u0148ky, obl\u00edben\u00e9 barvy \u010di rostliny dod\u00e1vaj\u00ed prostoru jedine\u010dn\u00fd charakter a vytv\u00e1\u0159ej\u00ed m\u00edsto, kam se r\u00e1di vrac\u00edme. Kvalitn\u00ed bydlen\u00ed tak p\u0159edstavuje z\u00e1klad spokojen\u00e9ho a vyv\u00e1\u017een\u00e9ho \u017eivota.<\/p>\n","protected":false},"excerpt":{"rendered":"<p>Bydlen\u00ed je v\u00edce ne\u017e jen m\u00edsto k p\u0159esp\u00e1n\u00ed \u2013 je to prostor, kter\u00fd ovliv\u0148uje na\u0161e ka\u017edodenn\u00ed fungov\u00e1n\u00ed, psychickou pohodu i kvalitu \u017eivota.&hellip;<\/p>\n","protected":false},"author":2,"featured_media":815,"comment_status":"open","ping_status":"open","sticky":false,"template":"","format":"standard","meta":{"_lmt_disableupdate":"","_lmt_disable":"","footnotes":""},"categories":[21],"tags":[],"class_list":["post-814","post","type-post","status-publish","format-standard","has-post-thumbnail","hentry","category-bydleni"],"_links":{"self":[{"href":"https:\/\/www.zahrada-bydleni.cz\/index.php?rest_route=\/wp\/v2\/posts\/814","targetHints":{"allow":["GET"]}}],"collection":[{"href":"https:\/\/www.zahrada-bydleni.cz\/index.php?rest_route=\/wp\/v2\/posts"}],"about":[{"href":"https:\/\/www.zahrada-bydleni.cz\/index.php?rest_route=\/wp\/v2\/types\/post"}],"author":[{"embeddable":true,"href":"https:\/\/www.zahrada-bydleni.cz\/index.php?rest_route=\/wp\/v2\/users\/2"}],"replies":[{"embeddable":true,"href":"https:\/\/www.zahrada-bydleni.cz\/index.php?rest_route=%2Fwp%2Fv2%2Fcomments&post=814"}],"version-history":[{"count":1,"href":"https:\/\/www.zahrada-bydleni.cz\/index.php?rest_route=\/wp\/v2\/posts\/814\/revisions"}],"predecessor-version":[{"id":816,"href":"https:\/\/www.zahrada-bydleni.cz\/index.php?rest_route=\/wp\/v2\/posts\/814\/revisions\/816"}],"wp:featuredmedia":[{"embeddable":true,"href":"https:\/\/www.zahrada-bydleni.cz\/index.php?rest_route=\/wp\/v2\/media\/815"}],"wp:attachment":[{"href":"https:\/\/www.zahrada-bydleni.cz\/index.php?rest_route=%2Fwp%2Fv2%2Fmedia&parent=814"}],"wp:term":[{"taxonomy":"category","embeddable":true,"href":"https:\/\/www.zahrada-bydleni.cz\/index.php?rest_route=%2Fwp%2Fv2%2Fcategories&post=814"},{"taxonomy":"post_tag","embeddable":true,"href":"https:\/\/www.zahrada-bydleni.cz\/index.php?rest_route=%2Fwp%2Fv2%2Ftags&post=814"}],"curies":[{"name":"wp","href":"https:\/\/api.w.org\/{rel}","templated":true}]}}