{"id":811,"date":"2026-02-10T19:45:33","date_gmt":"2026-02-10T18:45:33","guid":{"rendered":"https:\/\/www.zahrada-bydleni.cz\/?p=811"},"modified":"2026-02-10T19:45:35","modified_gmt":"2026-02-10T18:45:35","slug":"bydleni-jako-prostor-pro-rodinu-a-osobni-pohodu","status":"publish","type":"post","link":"https:\/\/www.zahrada-bydleni.cz\/?p=811","title":{"rendered":"Bydlen\u00ed jako prostor pro rodinu a osobn\u00ed pohodu"},"content":{"rendered":"\n<p>Bydlen\u00ed je m\u00edstem, kde tr\u00e1v\u00edme nejv\u00edce \u010dasu, a proto ovliv\u0148uje nejen na\u0161e fyzick\u00e9 zdrav\u00ed, ale i psychickou pohodu. Domov je z\u00e1zem\u00ed, kde odpo\u010d\u00edv\u00e1me, pracujeme, setk\u00e1v\u00e1me se s rodinou a p\u0159\u00e1teli a na\u010derp\u00e1v\u00e1me energii do dal\u0161\u00edho dne. Kvalitn\u00ed bydlen\u00ed podporuje ka\u017edodenn\u00ed rovnov\u00e1hu a komfort \u017eivota.<\/p>\n\n\n\n<p>Funk\u010dn\u00ed dispozice bytu \u010di domu je kl\u00ed\u010dov\u00e1. P\u0159ehledn\u00e9 rozd\u011blen\u00ed m\u00edstnost\u00ed, dostatek \u00falo\u017en\u00fdch prostor a vhodn\u011b zvolen\u00e9 z\u00f3ny pro pr\u00e1ci, odpo\u010dinek a spole\u010densk\u00e9 aktivity umo\u017e\u0148uj\u00ed efektivn\u00ed vyu\u017eit\u00ed prostoru a usnad\u0148uj\u00ed b\u011b\u017en\u00fd \u017eivot. Dob\u0159e navr\u017een\u00fd interi\u00e9r sni\u017euje chaos a podporuje pocit po\u0159\u00e1dku.<\/p>\n\n\n\n<p>Sv\u011btlo, vzduch a barvy hraj\u00ed z\u00e1sadn\u00ed roli. Dostatek denn\u00edho sv\u011btla zlep\u0161uje n\u00e1ladu a podporuje soust\u0159ed\u011bn\u00ed, pravideln\u00e9 v\u011btr\u00e1n\u00ed zaji\u0161\u0165uje zdrav\u00e9 prost\u0159ed\u00ed a vhodn\u011b zvolen\u00e9 barvy a materi\u00e1ly vytv\u00e1\u0159ej\u00ed \u00fatulnou a p\u0159\u00edjemnou atmosf\u00e9ru.<\/p>\n\n\n\n<p>Sou\u010dasn\u00e9 bydlen\u00ed se st\u00e1le v\u00edce zam\u011b\u0159uje na ekologii a udr\u017eitelnost. Energeticky \u00fasporn\u00e9 spot\u0159ebi\u010de, kvalitn\u00ed izolace a \u0161etrn\u00e9 materi\u00e1ly sni\u017euj\u00ed n\u00e1klady a p\u0159isp\u00edvaj\u00ed k ochran\u011b \u017eivotn\u00edho prost\u0159ed\u00ed. Tyto prvky zvy\u0161uj\u00ed komfort bydlen\u00ed a zaji\u0161\u0165uj\u00ed jeho dlouhodobou hodnotu.<\/p>\n\n\n\n<p>Domov je tak\u00e9 m\u00edstem osobn\u00edho vyj\u00e1d\u0159en\u00ed. Dekorace, fotografie, rostliny nebo obl\u00edben\u00e9 barvy dod\u00e1vaj\u00ed prostoru jedine\u010dn\u00fd charakter. Takov\u00e9 bydlen\u00ed se st\u00e1v\u00e1 skute\u010dn\u00fdm domovem, kde se \u010dlov\u011bk c\u00edt\u00ed bezpe\u010dn\u011b, pohodln\u011b a spokojen\u011b ka\u017ed\u00fd den.<\/p>\n","protected":false},"excerpt":{"rendered":"<p>Bydlen\u00ed je m\u00edstem, kde tr\u00e1v\u00edme nejv\u00edce \u010dasu, a proto ovliv\u0148uje nejen na\u0161e fyzick\u00e9 zdrav\u00ed, ale i psychickou pohodu. Domov je z\u00e1zem\u00ed, kde&hellip;<\/p>\n","protected":false},"author":2,"featured_media":812,"comment_status":"open","ping_status":"open","sticky":false,"template":"","format":"standard","meta":{"_lmt_disableupdate":"","_lmt_disable":"","footnotes":""},"categories":[21],"tags":[],"class_list":["post-811","post","type-post","status-publish","format-standard","has-post-thumbnail","hentry","category-bydleni"],"_links":{"self":[{"href":"https:\/\/www.zahrada-bydleni.cz\/index.php?rest_route=\/wp\/v2\/posts\/811","targetHints":{"allow":["GET"]}}],"collection":[{"href":"https:\/\/www.zahrada-bydleni.cz\/index.php?rest_route=\/wp\/v2\/posts"}],"about":[{"href":"https:\/\/www.zahrada-bydleni.cz\/index.php?rest_route=\/wp\/v2\/types\/post"}],"author":[{"embeddable":true,"href":"https:\/\/www.zahrada-bydleni.cz\/index.php?rest_route=\/wp\/v2\/users\/2"}],"replies":[{"embeddable":true,"href":"https:\/\/www.zahrada-bydleni.cz\/index.php?rest_route=%2Fwp%2Fv2%2Fcomments&post=811"}],"version-history":[{"count":1,"href":"https:\/\/www.zahrada-bydleni.cz\/index.php?rest_route=\/wp\/v2\/posts\/811\/revisions"}],"predecessor-version":[{"id":813,"href":"https:\/\/www.zahrada-bydleni.cz\/index.php?rest_route=\/wp\/v2\/posts\/811\/revisions\/813"}],"wp:featuredmedia":[{"embeddable":true,"href":"https:\/\/www.zahrada-bydleni.cz\/index.php?rest_route=\/wp\/v2\/media\/812"}],"wp:attachment":[{"href":"https:\/\/www.zahrada-bydleni.cz\/index.php?rest_route=%2Fwp%2Fv2%2Fmedia&parent=811"}],"wp:term":[{"taxonomy":"category","embeddable":true,"href":"https:\/\/www.zahrada-bydleni.cz\/index.php?rest_route=%2Fwp%2Fv2%2Fcategories&post=811"},{"taxonomy":"post_tag","embeddable":true,"href":"https:\/\/www.zahrada-bydleni.cz\/index.php?rest_route=%2Fwp%2Fv2%2Ftags&post=811"}],"curies":[{"name":"wp","href":"https:\/\/api.w.org\/{rel}","templated":true}]}}