{"id":808,"date":"2026-02-10T19:37:28","date_gmt":"2026-02-10T18:37:28","guid":{"rendered":"https:\/\/www.zahrada-bydleni.cz\/?p=808"},"modified":"2026-02-10T19:37:29","modified_gmt":"2026-02-10T18:37:29","slug":"bydleni-jako-zaklad-spokojeneho-zivota-2","status":"publish","type":"post","link":"https:\/\/www.zahrada-bydleni.cz\/?p=808","title":{"rendered":"Bydlen\u00ed jako z\u00e1klad spokojen\u00e9ho \u017eivota"},"content":{"rendered":"\n<p>Bydlen\u00ed je mnohem v\u00edce ne\u017e jen fyzick\u00fd prostor, kde \u010dlov\u011bk p\u0159esp\u00e1v\u00e1. Je to m\u00edsto, kter\u00e9 ovliv\u0148uje na\u0161i pohodu, zdrav\u00ed a ka\u017edodenn\u00ed fungov\u00e1n\u00ed. Kvalitn\u00ed domov poskytuje klid, bezpe\u010d\u00ed a prostor pro odpo\u010dinek, a proto je jeho spr\u00e1vn\u00e9 uspo\u0159\u00e1d\u00e1n\u00ed kl\u00ed\u010dov\u00e9 pro \u017eivotn\u00ed spokojenost.<\/p>\n\n\n\n<p>Funk\u010dn\u00ed a promy\u0161len\u00e9 uspo\u0159\u00e1d\u00e1n\u00ed interi\u00e9ru je z\u00e1kladem pohodln\u00e9ho bydlen\u00ed. P\u0159ehledn\u00e9 rozm\u00edst\u011bn\u00ed n\u00e1bytku, dostatek \u00falo\u017en\u00fdch prostor a logick\u00e9 rozd\u011blen\u00ed m\u00edstnost\u00ed umo\u017e\u0148uje efektivn\u011b vyu\u017e\u00edvat prostor a sni\u017euje ka\u017edodenn\u00ed stres. Praktick\u00fd domov podporuje lep\u0161\u00ed organizaci a pocit po\u0159\u00e1dku.<\/p>\n\n\n\n<p>Velk\u00fd v\u00fdznam m\u00e1 tak\u00e9 kvalita prost\u0159ed\u00ed. Dostatek denn\u00edho sv\u011btla, \u010derstv\u00fd vzduch a p\u0159\u00edjemn\u00e1 teplota p\u0159isp\u00edvaj\u00ed k dobr\u00e9 n\u00e1lad\u011b, soust\u0159ed\u011bn\u00ed a regeneraci. Spr\u00e1vn\u011b zvolen\u00e9 barvy, materi\u00e1ly a dekorace dod\u00e1vaj\u00ed prostoru \u00fatulnost a harmonii.<\/p>\n\n\n\n<p>Modern\u00ed trendy v bydlen\u00ed se st\u00e1le v\u00edce zam\u011b\u0159uj\u00ed na udr\u017eitelnost a komfort. Energeticky \u00fasporn\u00e9 spot\u0159ebi\u010de, kvalitn\u00ed izolace a \u0161etrn\u00e9 materi\u00e1ly sni\u017euj\u00ed provozn\u00ed n\u00e1klady a chr\u00e1n\u00ed \u017eivotn\u00ed prost\u0159ed\u00ed. Takov\u00e9 bydlen\u00ed p\u0159in\u00e1\u0161\u00ed dlouhodobou spokojenost a pohodl\u00ed.<\/p>\n\n\n\n<p>Domov by m\u011bl b\u00fdt m\u00edstem, kde se \u010dlov\u011bk c\u00edt\u00ed bezpe\u010dn\u011b a s\u00e1m sebou. Osobn\u00ed detaily, obl\u00edben\u00e9 barvy, rostliny a fotografie prom\u011b\u0148uj\u00ed oby\u010dejn\u00fd prostor v domov, kter\u00fd poskytuje pocit jistoty, klidu a pohody ka\u017ed\u00fd den.<\/p>\n","protected":false},"excerpt":{"rendered":"<p>Bydlen\u00ed je mnohem v\u00edce ne\u017e jen fyzick\u00fd prostor, kde \u010dlov\u011bk p\u0159esp\u00e1v\u00e1. Je to m\u00edsto, kter\u00e9 ovliv\u0148uje na\u0161i pohodu, zdrav\u00ed a ka\u017edodenn\u00ed fungov\u00e1n\u00ed.&hellip;<\/p>\n","protected":false},"author":2,"featured_media":809,"comment_status":"open","ping_status":"open","sticky":false,"template":"","format":"standard","meta":{"_lmt_disableupdate":"","_lmt_disable":"","footnotes":""},"categories":[21],"tags":[],"class_list":["post-808","post","type-post","status-publish","format-standard","has-post-thumbnail","hentry","category-bydleni"],"_links":{"self":[{"href":"https:\/\/www.zahrada-bydleni.cz\/index.php?rest_route=\/wp\/v2\/posts\/808","targetHints":{"allow":["GET"]}}],"collection":[{"href":"https:\/\/www.zahrada-bydleni.cz\/index.php?rest_route=\/wp\/v2\/posts"}],"about":[{"href":"https:\/\/www.zahrada-bydleni.cz\/index.php?rest_route=\/wp\/v2\/types\/post"}],"author":[{"embeddable":true,"href":"https:\/\/www.zahrada-bydleni.cz\/index.php?rest_route=\/wp\/v2\/users\/2"}],"replies":[{"embeddable":true,"href":"https:\/\/www.zahrada-bydleni.cz\/index.php?rest_route=%2Fwp%2Fv2%2Fcomments&post=808"}],"version-history":[{"count":1,"href":"https:\/\/www.zahrada-bydleni.cz\/index.php?rest_route=\/wp\/v2\/posts\/808\/revisions"}],"predecessor-version":[{"id":810,"href":"https:\/\/www.zahrada-bydleni.cz\/index.php?rest_route=\/wp\/v2\/posts\/808\/revisions\/810"}],"wp:featuredmedia":[{"embeddable":true,"href":"https:\/\/www.zahrada-bydleni.cz\/index.php?rest_route=\/wp\/v2\/media\/809"}],"wp:attachment":[{"href":"https:\/\/www.zahrada-bydleni.cz\/index.php?rest_route=%2Fwp%2Fv2%2Fmedia&parent=808"}],"wp:term":[{"taxonomy":"category","embeddable":true,"href":"https:\/\/www.zahrada-bydleni.cz\/index.php?rest_route=%2Fwp%2Fv2%2Fcategories&post=808"},{"taxonomy":"post_tag","embeddable":true,"href":"https:\/\/www.zahrada-bydleni.cz\/index.php?rest_route=%2Fwp%2Fv2%2Ftags&post=808"}],"curies":[{"name":"wp","href":"https:\/\/api.w.org\/{rel}","templated":true}]}}