{"id":805,"date":"2026-02-10T19:33:16","date_gmt":"2026-02-10T18:33:16","guid":{"rendered":"https:\/\/www.zahrada-bydleni.cz\/?p=805"},"modified":"2026-02-10T19:33:18","modified_gmt":"2026-02-10T18:33:18","slug":"bydleni-jako-misto-pro-harmonii-a-klid","status":"publish","type":"post","link":"https:\/\/www.zahrada-bydleni.cz\/?p=805","title":{"rendered":"Bydlen\u00ed jako m\u00edsto pro harmonii a klid"},"content":{"rendered":"\n<p>Bydlen\u00ed nen\u00ed jen technick\u00e1 z\u00e1le\u017eitost, ale prostor, kter\u00fd z\u00e1sadn\u011b ovliv\u0148uje kvalitu na\u0161eho \u017eivota. Domov je m\u00edstem, kde odpo\u010d\u00edv\u00e1me, pracujeme, tr\u00e1v\u00edme \u010das s rodinou a hled\u00e1me klid. Spr\u00e1vn\u011b za\u0159\u00edzen\u00e9 bydlen\u00ed podporuje psychickou pohodu, zdrav\u00ed a ka\u017edodenn\u00ed komfort.<\/p>\n\n\n\n<p>D\u016fle\u017eit\u00fdm prvkem je funk\u010dn\u00ed uspo\u0159\u00e1d\u00e1n\u00ed prostoru. P\u0159ehledn\u00e9 rozm\u00edst\u011bn\u00ed m\u00edstnost\u00ed, dostatek \u00falo\u017en\u00fdch prostor a promy\u0161len\u00e9 z\u00f3ny pro pr\u00e1ci, odpo\u010dinek \u010di spole\u010densk\u00fd \u017eivot usnad\u0148uj\u00ed ka\u017edodenn\u00ed fungov\u00e1n\u00ed a sni\u017euj\u00ed stres. Praktick\u00fd interi\u00e9r umo\u017e\u0148uje efektivn\u00ed vyu\u017eit\u00ed prostoru a vytv\u00e1\u0159\u00ed pocit po\u0159\u00e1dku.<\/p>\n\n\n\n<p>Sv\u011btlo a vzduch jsou kl\u00ed\u010dov\u00e9 pro zdrav\u00e9 bydlen\u00ed. Dostatek p\u0159irozen\u00e9ho denn\u00edho sv\u011btla podporuje energii a pozitivn\u00ed n\u00e1ladu, zat\u00edmco pravideln\u00e9 v\u011btr\u00e1n\u00ed zaji\u0161\u0165uje zdrav\u00e9 prost\u0159ed\u00ed. P\u0159\u00edjemn\u00e1 barevn\u00e1 kombinace a kvalitn\u00ed materi\u00e1ly nav\u00edc p\u0159isp\u00edvaj\u00ed k \u00fatulnosti a pocitu bezpe\u010d\u00ed.<\/p>\n\n\n\n<p>Sou\u010dasn\u00e9 bydlen\u00ed se orientuje tak\u00e9 na udr\u017eitelnost. Energeticky \u00fasporn\u00e9 spot\u0159ebi\u010de, ekologick\u00e9 materi\u00e1ly a chytr\u00e9 dom\u00e1c\u00ed \u0159e\u0161en\u00ed \u0161et\u0159\u00ed n\u00e1klady i \u017eivotn\u00ed prost\u0159ed\u00ed. Takov\u00fd p\u0159\u00edstup zvy\u0161uje komfort a hodnotu domova dlouhodob\u011b.<\/p>\n\n\n\n<p>Domov by m\u011bl odr\u00e1\u017eet osobnost jeho obyvatel. Osobn\u00ed p\u0159edm\u011bty, fotografie, rostliny nebo obl\u00edben\u00e9 barvy dod\u00e1vaj\u00ed prostoru jedine\u010dn\u00fd charakter. Pr\u00e1v\u011b tyto detaily prom\u011b\u0148uj\u00ed oby\u010dejn\u00fd byt \u010di d\u016fm v m\u00edsto, kde se c\u00edt\u00edme v bezpe\u010d\u00ed, uvoln\u011bn\u011b a opravdu doma.<\/p>\n","protected":false},"excerpt":{"rendered":"<p>Bydlen\u00ed nen\u00ed jen technick\u00e1 z\u00e1le\u017eitost, ale prostor, kter\u00fd z\u00e1sadn\u011b ovliv\u0148uje kvalitu na\u0161eho \u017eivota. Domov je m\u00edstem, kde odpo\u010d\u00edv\u00e1me, pracujeme, tr\u00e1v\u00edme \u010das s&hellip;<\/p>\n","protected":false},"author":2,"featured_media":806,"comment_status":"open","ping_status":"open","sticky":false,"template":"","format":"standard","meta":{"_lmt_disableupdate":"","_lmt_disable":"","footnotes":""},"categories":[21],"tags":[],"class_list":["post-805","post","type-post","status-publish","format-standard","has-post-thumbnail","hentry","category-bydleni"],"_links":{"self":[{"href":"https:\/\/www.zahrada-bydleni.cz\/index.php?rest_route=\/wp\/v2\/posts\/805","targetHints":{"allow":["GET"]}}],"collection":[{"href":"https:\/\/www.zahrada-bydleni.cz\/index.php?rest_route=\/wp\/v2\/posts"}],"about":[{"href":"https:\/\/www.zahrada-bydleni.cz\/index.php?rest_route=\/wp\/v2\/types\/post"}],"author":[{"embeddable":true,"href":"https:\/\/www.zahrada-bydleni.cz\/index.php?rest_route=\/wp\/v2\/users\/2"}],"replies":[{"embeddable":true,"href":"https:\/\/www.zahrada-bydleni.cz\/index.php?rest_route=%2Fwp%2Fv2%2Fcomments&post=805"}],"version-history":[{"count":1,"href":"https:\/\/www.zahrada-bydleni.cz\/index.php?rest_route=\/wp\/v2\/posts\/805\/revisions"}],"predecessor-version":[{"id":807,"href":"https:\/\/www.zahrada-bydleni.cz\/index.php?rest_route=\/wp\/v2\/posts\/805\/revisions\/807"}],"wp:featuredmedia":[{"embeddable":true,"href":"https:\/\/www.zahrada-bydleni.cz\/index.php?rest_route=\/wp\/v2\/media\/806"}],"wp:attachment":[{"href":"https:\/\/www.zahrada-bydleni.cz\/index.php?rest_route=%2Fwp%2Fv2%2Fmedia&parent=805"}],"wp:term":[{"taxonomy":"category","embeddable":true,"href":"https:\/\/www.zahrada-bydleni.cz\/index.php?rest_route=%2Fwp%2Fv2%2Fcategories&post=805"},{"taxonomy":"post_tag","embeddable":true,"href":"https:\/\/www.zahrada-bydleni.cz\/index.php?rest_route=%2Fwp%2Fv2%2Ftags&post=805"}],"curies":[{"name":"wp","href":"https:\/\/api.w.org\/{rel}","templated":true}]}}