{"id":1000,"date":"2026-02-15T11:30:26","date_gmt":"2026-02-15T10:30:26","guid":{"rendered":"https:\/\/www.zahrada-bydleni.cz\/?p=1000"},"modified":"2026-02-15T11:30:28","modified_gmt":"2026-02-15T10:30:28","slug":"zahrada-pro-relaxaci-s-vuni-a-barvami","status":"publish","type":"post","link":"https:\/\/www.zahrada-bydleni.cz\/?p=1000","title":{"rendered":"Zahrada pro relaxaci s v\u016fn\u00ed a barvami"},"content":{"rendered":"\n<p>Zahrada m\u016f\u017ee b\u00fdt m\u00edstem, kde se v\u0161echny smysly propojuj\u00ed a p\u0159in\u00e1\u0161ej\u00ed pocit klidu. V\u016fn\u011b kv\u011btin, barevn\u00e9 z\u00e1hony a zvuk vody podporuj\u00ed relaxaci a p\u0159\u00edjemn\u00e9 chv\u00edle str\u00e1ven\u00e9 venku.<\/p>\n\n\n\n<h2 class=\"wp-block-heading\">Aromatick\u00e9 rostliny<\/h2>\n\n\n\n<p>Levandule, m\u00e1ta, r\u016f\u017ee, rozmar\u00fdn nebo jasm\u00edn nejen von\u00ed, ale tak\u00e9 p\u016fsob\u00ed uklid\u0148uj\u00edc\u00edm dojmem. V\u016fn\u011b rostlin podporuje relaxaci a vytv\u00e1\u0159\u00ed p\u0159\u00edjemnou atmosf\u00e9ru b\u011bhem pobytu na zahrad\u011b.<\/p>\n\n\n\n<h2 class=\"wp-block-heading\">Barevn\u00e9 z\u00e1hony a kontrasty<\/h2>\n\n\n\n<p>Kombinace r\u016fzn\u00fdch barev, tvar\u016f a velikost\u00ed rostlin zvy\u0161uje estetick\u00fd z\u00e1\u017eitek. Trvalky, sez\u00f3nn\u00ed kv\u011btiny a ke\u0159e lze vysadit tak, aby zahrada p\u016fsobila harmonicky po cel\u00fd rok.<\/p>\n\n\n\n<h2 class=\"wp-block-heading\">Vodn\u00ed prvky pro uklidn\u011bn\u00ed<\/h2>\n\n\n\n<p>Font\u00e1nka, jez\u00edrko nebo p\u00edtko pro pt\u00e1ky p\u0159id\u00e1vaj\u00ed zahrad\u011b pohyb a zvuk. Jemn\u00fd \u0161um vody m\u00e1 relaxa\u010dn\u00ed \u00fa\u010dinek a podporuje pocit pohody.<\/p>\n\n\n\n<h2 class=\"wp-block-heading\">Relaxa\u010dn\u00ed koutky<\/h2>\n\n\n\n<p>Mal\u00e9 lavi\u010dky, leh\u00e1tka, houpac\u00ed s\u00edt\u011b nebo pergola poskytuj\u00ed prostor pro odpo\u010dinek. Z\u00f3nu lze doplnit textiliemi, pol\u0161t\u00e1\u0159i a dekami pro pohodln\u011bj\u0161\u00ed relaxaci.<\/p>\n\n\n\n<h2 class=\"wp-block-heading\">P\u0159\u00edrodn\u00ed materi\u00e1ly<\/h2>\n\n\n\n<p>D\u0159evo, k\u00e1men, prout\u00ed a dal\u0161\u00ed p\u0159\u00edrodn\u00ed materi\u00e1ly propojuj\u00ed jednotliv\u00e9 prvky zahrady a podporuj\u00ed pocit harmonick\u00e9ho a \u00fatuln\u00e9ho prostoru.<\/p>\n\n\n\n<h2 class=\"wp-block-heading\">Z\u00e1v\u011br<\/h2>\n\n\n\n<p>Zahrada zam\u011b\u0159en\u00e1 na relaxaci s v\u016fn\u00ed a barvami je m\u00edstem, kde se m\u016f\u017eete zastavit a na\u010derpat energii. Aromatick\u00e9 rostliny, barevn\u00e9 z\u00e1hony, vodn\u00ed prvky a pohodln\u00e9 koutky prom\u011bn\u00ed ka\u017ed\u00fd den str\u00e1ven\u00fd venku v p\u0159\u00edjemn\u00fd a uklid\u0148uj\u00edc\u00ed z\u00e1\u017eitek.<\/p>\n","protected":false},"excerpt":{"rendered":"<p>Zahrada m\u016f\u017ee b\u00fdt m\u00edstem, kde se v\u0161echny smysly propojuj\u00ed a p\u0159in\u00e1\u0161ej\u00ed pocit klidu. V\u016fn\u011b kv\u011btin, barevn\u00e9 z\u00e1hony a zvuk vody podporuj\u00ed relaxaci&hellip;<\/p>\n","protected":false},"author":2,"featured_media":1001,"comment_status":"open","ping_status":"open","sticky":false,"template":"","format":"standard","meta":{"_lmt_disableupdate":"","_lmt_disable":"","footnotes":""},"categories":[24],"tags":[],"class_list":["post-1000","post","type-post","status-publish","format-standard","has-post-thumbnail","hentry","category-zahrada"],"_links":{"self":[{"href":"https:\/\/www.zahrada-bydleni.cz\/index.php?rest_route=\/wp\/v2\/posts\/1000","targetHints":{"allow":["GET"]}}],"collection":[{"href":"https:\/\/www.zahrada-bydleni.cz\/index.php?rest_route=\/wp\/v2\/posts"}],"about":[{"href":"https:\/\/www.zahrada-bydleni.cz\/index.php?rest_route=\/wp\/v2\/types\/post"}],"author":[{"embeddable":true,"href":"https:\/\/www.zahrada-bydleni.cz\/index.php?rest_route=\/wp\/v2\/users\/2"}],"replies":[{"embeddable":true,"href":"https:\/\/www.zahrada-bydleni.cz\/index.php?rest_route=%2Fwp%2Fv2%2Fcomments&post=1000"}],"version-history":[{"count":1,"href":"https:\/\/www.zahrada-bydleni.cz\/index.php?rest_route=\/wp\/v2\/posts\/1000\/revisions"}],"predecessor-version":[{"id":1002,"href":"https:\/\/www.zahrada-bydleni.cz\/index.php?rest_route=\/wp\/v2\/posts\/1000\/revisions\/1002"}],"wp:featuredmedia":[{"embeddable":true,"href":"https:\/\/www.zahrada-bydleni.cz\/index.php?rest_route=\/wp\/v2\/media\/1001"}],"wp:attachment":[{"href":"https:\/\/www.zahrada-bydleni.cz\/index.php?rest_route=%2Fwp%2Fv2%2Fmedia&parent=1000"}],"wp:term":[{"taxonomy":"category","embeddable":true,"href":"https:\/\/www.zahrada-bydleni.cz\/index.php?rest_route=%2Fwp%2Fv2%2Fcategories&post=1000"},{"taxonomy":"post_tag","embeddable":true,"href":"https:\/\/www.zahrada-bydleni.cz\/index.php?rest_route=%2Fwp%2Fv2%2Ftags&post=1000"}],"curies":[{"name":"wp","href":"https:\/\/api.w.org\/{rel}","templated":true}]}}